{"id":127768,"date":"2018-12-07T13:42:29","date_gmt":"2018-12-07T15:42:29","guid":{"rendered":"https:\/\/diarioregionaldigital.com.br\/?p=127768"},"modified":"2018-12-07T13:42:29","modified_gmt":"2018-12-07T15:42:29","slug":"alca-viaduto-augusto-franco-comeca-a-execucao-da-pista-de-rolamento","status":"publish","type":"post","link":"https:\/\/diarioregionaldigital.com.br\/?p=127768","title":{"rendered":"Al\u00e7a Viaduto Augusto Franco \u2013 come\u00e7a a execu\u00e7\u00e3o da pista de rolamento"},"content":{"rendered":"<p>Nesta semana, foi iniciada a concretagem da travessa que unir\u00e1 o Viaduto Augusto Franco \u00e0 al\u00e7a em constru\u00e7\u00e3o. Esta foi a primeira etapa do processo de liga\u00e7\u00e3o entre as estruturas, que ter\u00e1, ainda, a coloca\u00e7\u00e3o de pr\u00e9-laje, pista de rolamento em concreto armado e vigas entre todos os pilares (segunda etapa), al\u00e9m da demoli\u00e7\u00e3o do passeio existente, para jun\u00e7\u00e3o das estruturas, que ser\u00e1 a terceira e \u00faltima etapa. Com esses trabalhos finalizados, ser\u00e1 poss\u00edvel fazer a pista de rolamento e, consequentemente, as passagens de pedestres e acabamentos.<\/p>\n<p><b>Como ficar\u00e1 o tr\u00e2nsito ap\u00f3s a obra<\/b><\/p>\n<p>A al\u00e7a facilitar\u00e1 o acesso \u00e0 Avenida Francisco Bernardino, para quem vem da Avenida Brasil, e desafogar\u00e1 o tr\u00e2nsito no entorno da Pra\u00e7a Ant\u00f4nio Carlos. Atualmente, para chegar \u00e0 avenida, o motorista tem que subir o Viaduto Augusto Franco, passar pela Pra\u00e7a Ant\u00f4nio Carlos e acessar a Travessa Doutor Prisco, chegando, finalmente, \u00e0 Avenida Francisco Bernardino. Com a obra, o motorista usar\u00e1 a al\u00e7a para chegar \u00e0 Rua \u00c2ngelo Falci, e, consequentemente, \u00e0 Avenida Francisco Bernardino.<\/p>\n<p>Fonte: PJF<\/p>\n","protected":false},"excerpt":{"rendered":"<p>Nesta semana, foi iniciada a concretagem da travessa que unir\u00e1 o Viaduto Augusto Franco \u00e0 al\u00e7a em constru\u00e7\u00e3o. Esta foi a primeira etapa do processo de liga\u00e7\u00e3o entre as estruturas, que ter\u00e1, ainda, a coloca\u00e7\u00e3o de pr\u00e9-laje, pista de rolamento em concreto armado e vigas entre todos os pilares (segunda etapa), al\u00e9m da demoli\u00e7\u00e3o do [&hellip;]<\/p>\n","protected":false},"author":96,"featured_media":127769,"comment_status":"closed","ping_status":"closed","sticky":false,"template":"","format":"standard","meta":{"footnotes":""},"categories":[253,436,439],"tags":[],"class_list":["post-127768","post","type-post","status-publish","format-standard","has-post-thumbnail","hentry","category-cidade","category-destaque-da-semana","category-ultima-hora"],"_links":{"self":[{"href":"https:\/\/diarioregionaldigital.com.br\/index.php?rest_route=\/wp\/v2\/posts\/127768","targetHints":{"allow":["GET"]}}],"collection":[{"href":"https:\/\/diarioregionaldigital.com.br\/index.php?rest_route=\/wp\/v2\/posts"}],"about":[{"href":"https:\/\/diarioregionaldigital.com.br\/index.php?rest_route=\/wp\/v2\/types\/post"}],"author":[{"embeddable":true,"href":"https:\/\/diarioregionaldigital.com.br\/index.php?rest_route=\/wp\/v2\/users\/96"}],"replies":[{"embeddable":true,"href":"https:\/\/diarioregionaldigital.com.br\/index.php?rest_route=%2Fwp%2Fv2%2Fcomments&post=127768"}],"version-history":[{"count":0,"href":"https:\/\/diarioregionaldigital.com.br\/index.php?rest_route=\/wp\/v2\/posts\/127768\/revisions"}],"wp:featuredmedia":[{"embeddable":true,"href":"https:\/\/diarioregionaldigital.com.br\/index.php?rest_route=\/wp\/v2\/media\/127769"}],"wp:attachment":[{"href":"https:\/\/diarioregionaldigital.com.br\/index.php?rest_route=%2Fwp%2Fv2%2Fmedia&parent=127768"}],"wp:term":[{"taxonomy":"category","embeddable":true,"href":"https:\/\/diarioregionaldigital.com.br\/index.php?rest_route=%2Fwp%2Fv2%2Fcategories&post=127768"},{"taxonomy":"post_tag","embeddable":true,"href":"https:\/\/diarioregionaldigital.com.br\/index.php?rest_route=%2Fwp%2Fv2%2Ftags&post=127768"}],"curies":[{"name":"wp","href":"https:\/\/api.w.org\/{rel}","templated":true}]}}