{"id":127764,"date":"2018-12-07T13:39:27","date_gmt":"2018-12-07T15:39:27","guid":{"rendered":"https:\/\/diarioregionaldigital.com.br\/?p=127764"},"modified":"2018-12-07T13:39:27","modified_gmt":"2018-12-07T15:39:27","slug":"crianca-feliz-ja-realizou-mais-de-9-milhoes-de-atendimentos-domiciliares","status":"publish","type":"post","link":"https:\/\/diarioregionaldigital.com.br\/?p=127764","title":{"rendered":"&#8216;Crian\u00e7a Feliz&#8217; j\u00e1 realizou mais de 9 milh\u00f5es de atendimentos domiciliares"},"content":{"rendered":"<p>Balan\u00e7o apresentado pelo Minist\u00e9rio do Desenvolvimento Social (MDS) mostra que, desde julho de 2017, o programa Crian\u00e7a Feliz realizou mais de 9 milh\u00f5es de atendimentos e atendeu 442 mil pessoas, entre gestantes, crian\u00e7as do Bolsa Fam\u00edlia de at\u00e9 3 anos e do Benef\u00edcio de Presta\u00e7\u00e3o Continuada (BPC) at\u00e9 6 anos.<\/p>\n<p>Neste per\u00edodo, informou o ministro do Desenvolvimento Social, Alberto Beltrame nessa quinta-feira, 6,\u00a0a iniciativa chegou a mais de 2,6 mil munic\u00edpios espalhados por todo o Brasil e capacitou mais de 16 mil agentes p\u00fablicos, entre supervisores, multiplicadores e visitadores.<\/p>\n<h3>Atividades<\/h3>\n<p>Esses profissionais v\u00e3o at\u00e9 as resid\u00eancias de fam\u00edlias de baixa renda para levar orienta\u00e7\u00f5es sobre como estimular o desenvolvimento infantil por meio de atividades simples, como conversas e brincadeiras.<\/p>\n<p>As a\u00e7\u00f5es do Crian\u00e7a Feliz s\u00e3o coordenadas pelo MDS, integrando as \u00e1reas de Sa\u00fade, Assist\u00eancia Social, Educa\u00e7\u00e3o, Justi\u00e7a, Cultura e Direitos Humanos.<\/p>\n<p><span class=\"discreet\">Fonte:\u00a0<a class=\"external-link\" title=\"\" href=\"http:\/\/mds.gov.br\/\" target=\"_blank\" rel=\"noopener\" data-tippreview-enabled=\"false\" data-tippreview-image=\"\" data-tippreview-title=\"\">Minist\u00e9rio do Desenvolvimento Social<\/a><\/span><\/p>\n","protected":false},"excerpt":{"rendered":"<p>Balan\u00e7o apresentado pelo Minist\u00e9rio do Desenvolvimento Social (MDS) mostra que, desde julho de 2017, o programa Crian\u00e7a Feliz realizou mais de 9 milh\u00f5es de atendimentos e atendeu 442 mil pessoas, entre gestantes, crian\u00e7as do Bolsa Fam\u00edlia de at\u00e9 3 anos e do Benef\u00edcio de Presta\u00e7\u00e3o Continuada (BPC) at\u00e9 6 anos. Neste per\u00edodo, informou o ministro [&hellip;]<\/p>\n","protected":false},"author":96,"featured_media":127766,"comment_status":"closed","ping_status":"closed","sticky":false,"template":"","format":"standard","meta":{"footnotes":""},"categories":[302,436,439],"tags":[],"class_list":["post-127764","post","type-post","status-publish","format-standard","has-post-thumbnail","hentry","category-brasil-mundo","category-destaque-da-semana","category-ultima-hora"],"_links":{"self":[{"href":"https:\/\/diarioregionaldigital.com.br\/index.php?rest_route=\/wp\/v2\/posts\/127764","targetHints":{"allow":["GET"]}}],"collection":[{"href":"https:\/\/diarioregionaldigital.com.br\/index.php?rest_route=\/wp\/v2\/posts"}],"about":[{"href":"https:\/\/diarioregionaldigital.com.br\/index.php?rest_route=\/wp\/v2\/types\/post"}],"author":[{"embeddable":true,"href":"https:\/\/diarioregionaldigital.com.br\/index.php?rest_route=\/wp\/v2\/users\/96"}],"replies":[{"embeddable":true,"href":"https:\/\/diarioregionaldigital.com.br\/index.php?rest_route=%2Fwp%2Fv2%2Fcomments&post=127764"}],"version-history":[{"count":0,"href":"https:\/\/diarioregionaldigital.com.br\/index.php?rest_route=\/wp\/v2\/posts\/127764\/revisions"}],"wp:featuredmedia":[{"embeddable":true,"href":"https:\/\/diarioregionaldigital.com.br\/index.php?rest_route=\/wp\/v2\/media\/127766"}],"wp:attachment":[{"href":"https:\/\/diarioregionaldigital.com.br\/index.php?rest_route=%2Fwp%2Fv2%2Fmedia&parent=127764"}],"wp:term":[{"taxonomy":"category","embeddable":true,"href":"https:\/\/diarioregionaldigital.com.br\/index.php?rest_route=%2Fwp%2Fv2%2Fcategories&post=127764"},{"taxonomy":"post_tag","embeddable":true,"href":"https:\/\/diarioregionaldigital.com.br\/index.php?rest_route=%2Fwp%2Fv2%2Ftags&post=127764"}],"curies":[{"name":"wp","href":"https:\/\/api.w.org\/{rel}","templated":true}]}}