{"id":127758,"date":"2018-12-07T13:30:37","date_gmt":"2018-12-07T15:30:37","guid":{"rendered":"https:\/\/diarioregionaldigital.com.br\/?p=127758"},"modified":"2018-12-07T13:30:37","modified_gmt":"2018-12-07T15:30:37","slug":"despoluicao-do-paraibuna-novas-elevatorias-de-esgoto-da-cesama-recebem-trabalho-de-paisagismo","status":"publish","type":"post","link":"https:\/\/diarioregionaldigital.com.br\/?p=127758","title":{"rendered":"DESPOLUI\u00c7\u00c3O DO PARAIBUNA &#8211; novas elevat\u00f3rias de esgoto da Cesama recebem trabalho de paisagismo"},"content":{"rendered":"<p>Nesta semana, as equipes da Companhia de Saneamento Municipal (Cesama) iniciaram os trabalhos de paisagismo nas novas esta\u00e7\u00f5es elevat\u00f3rias de esgoto que integram as obras de despolui\u00e7\u00e3o do Rio Paraibuna. A unidade do Bairro Vila Ideal e a do Centro, localizada nas proximidades do Viaduto Augusto Franco, est\u00e3o recebendo 43 mudas de manac\u00e1s e 71 mudas de hibisco, que servir\u00e3o para auxiliar no ajardinamento e na marca\u00e7\u00e3o do percurso.<\/p>\n<p>\u201cEsse trabalho de paisagismo j\u00e1 estava previsto em nosso projeto inicial. Nossa inten\u00e7\u00e3o \u00e9 conciliar qualidade de vida e conscientiza\u00e7\u00e3o ambiental, al\u00e9m de melhorar a est\u00e9tica das unidades. Com a conclus\u00e3o dessa etapa, iniciaremos a implanta\u00e7\u00e3o dos exaustores, que v\u00e3o sugar os gases do po\u00e7o \u00famido das esta\u00e7\u00f5es e conduzi-los para os biofiltros\u201d, explicou o diretor de desenvolvimento e expans\u00e3o da Cesama, Marcelo Mello do Amaral.<\/p>\n<p>Segundo o diretor, as duas unidades j\u00e1 est\u00e3o 96% finalizadas, e a previs\u00e3o \u00e9 de que elas entrem em opera\u00e7\u00e3o no in\u00edcio de 2019: \u201cAs esta\u00e7\u00f5es ter\u00e3o como fun\u00e7\u00e3o bombear o esgoto coletado pelas redes implantadas na Avenida Brasil nos \u00faltimos anos pelas regi\u00f5es mais \u00edngremes da cidade. A unidade do Centro levar\u00e1 o material que antes era despejado nos nossos cursos-d`\u00e1gua at\u00e9 a Avenida Francisco Valadares, de onde seguir\u00e1 at\u00e9 a elevat\u00f3ria de Vila Ideal, a maior unidade dentre as cinco previstas, para ent\u00e3o chegar \u00e0 Esta\u00e7\u00e3o de Tratamento de Esgoto (ETE) Uni\u00e3o-Ind\u00fastria, no Bairro Granjas Bethel\u201d.<\/p>\n<p>Or\u00e7ado em mais de R$ 130 milh\u00f5es, o conjunto de obras de despolui\u00e7\u00e3o do Rio Paraibuna segue com a implanta\u00e7\u00e3o de interceptores ao longo da Avenida Brasil, por meio de t\u00faneis subterr\u00e2neos pr\u00f3ximos ao pr\u00e9dio da Prefeitura de Juiz de Fora (PJF). Est\u00e3o previstas ainda uma nova ETE no Bairro Santa Luzia e a amplia\u00e7\u00e3o das esta\u00e7\u00f5es de tratamento de Barbosa Lage e Barreira do Triunfo.<\/p>\n<p>Fonte: PJF<\/p>\n","protected":false},"excerpt":{"rendered":"<p>Nesta semana, as equipes da Companhia de Saneamento Municipal (Cesama) iniciaram os trabalhos de paisagismo nas novas esta\u00e7\u00f5es elevat\u00f3rias de esgoto que integram as obras de despolui\u00e7\u00e3o do Rio Paraibuna. A unidade do Bairro Vila Ideal e a do Centro, localizada nas proximidades do Viaduto Augusto Franco, est\u00e3o recebendo 43 mudas de manac\u00e1s e 71 [&hellip;]<\/p>\n","protected":false},"author":96,"featured_media":127759,"comment_status":"closed","ping_status":"closed","sticky":false,"template":"","format":"standard","meta":{"footnotes":""},"categories":[253,436,439],"tags":[],"class_list":["post-127758","post","type-post","status-publish","format-standard","has-post-thumbnail","hentry","category-cidade","category-destaque-da-semana","category-ultima-hora"],"_links":{"self":[{"href":"https:\/\/diarioregionaldigital.com.br\/index.php?rest_route=\/wp\/v2\/posts\/127758","targetHints":{"allow":["GET"]}}],"collection":[{"href":"https:\/\/diarioregionaldigital.com.br\/index.php?rest_route=\/wp\/v2\/posts"}],"about":[{"href":"https:\/\/diarioregionaldigital.com.br\/index.php?rest_route=\/wp\/v2\/types\/post"}],"author":[{"embeddable":true,"href":"https:\/\/diarioregionaldigital.com.br\/index.php?rest_route=\/wp\/v2\/users\/96"}],"replies":[{"embeddable":true,"href":"https:\/\/diarioregionaldigital.com.br\/index.php?rest_route=%2Fwp%2Fv2%2Fcomments&post=127758"}],"version-history":[{"count":0,"href":"https:\/\/diarioregionaldigital.com.br\/index.php?rest_route=\/wp\/v2\/posts\/127758\/revisions"}],"wp:featuredmedia":[{"embeddable":true,"href":"https:\/\/diarioregionaldigital.com.br\/index.php?rest_route=\/wp\/v2\/media\/127759"}],"wp:attachment":[{"href":"https:\/\/diarioregionaldigital.com.br\/index.php?rest_route=%2Fwp%2Fv2%2Fmedia&parent=127758"}],"wp:term":[{"taxonomy":"category","embeddable":true,"href":"https:\/\/diarioregionaldigital.com.br\/index.php?rest_route=%2Fwp%2Fv2%2Fcategories&post=127758"},{"taxonomy":"post_tag","embeddable":true,"href":"https:\/\/diarioregionaldigital.com.br\/index.php?rest_route=%2Fwp%2Fv2%2Ftags&post=127758"}],"curies":[{"name":"wp","href":"https:\/\/api.w.org\/{rel}","templated":true}]}}