{"id":127755,"date":"2018-12-07T09:52:03","date_gmt":"2018-12-07T11:52:03","guid":{"rendered":"https:\/\/diarioregionaldigital.com.br\/?p=127755"},"modified":"2018-12-07T09:56:19","modified_gmt":"2018-12-07T11:56:19","slug":"homem-e-vitima-de-tentativa-de-homicidio-no-bairro-ipiranga","status":"publish","type":"post","link":"https:\/\/diarioregionaldigital.com.br\/?p=127755","title":{"rendered":"Homem \u00e9 v\u00edtima de tentativa de homic\u00eddio no bairro Ipiranga"},"content":{"rendered":"<p>Um homem, 36 anos, foi v\u00edtima de te t\u00e1tica de homic\u00eddio nessa quinta-feira, 06, no bairro Ipiranga, zona Sul de Juiz de Fora.<\/p>\n<p>A v\u00edtima estava em um bar na Rua Darcy Vargas, por volta das 5h, quando um homem entrou e o agrediu com tr\u00eas facadas pelas costas. Os dois se conhecem e teriam tido desaven\u00e7as anteriores.<\/p>\n<p>Machucado, o homem foi levado para a Unidade de Pronto Atendimento (UPA) do bairro Santo Luzia. No local, a vitiv\u00ed informou \u00e0 Pol\u00edcia Militar quem era o autor das facadas, um jovem de 21 anos. Foi feito um rastreamento na regi\u00e3o, mas o agressor n\u00e3o foi encontrado.<\/p>\n<p>Por conta da gravidade dos ferimentos, a v\u00edtima precisou ser transferida para o Hospital de Pronto Socorro Mozart Geraldo Teixeira (HPS) onde permanece internado.<\/p>\n<p>&nbsp;<\/p>\n<p>&nbsp;<\/p>\n","protected":false},"excerpt":{"rendered":"<p>Um homem, 36 anos, foi v\u00edtima de te t\u00e1tica de homic\u00eddio nessa quinta-feira, 06, no bairro Ipiranga, zona Sul de Juiz de Fora. A v\u00edtima estava em um bar na Rua Darcy Vargas, por volta das 5h, quando um homem entrou e o agrediu com tr\u00eas facadas pelas costas. Os dois se conhecem e teriam [&hellip;]<\/p>\n","protected":false},"author":96,"featured_media":95836,"comment_status":"closed","ping_status":"closed","sticky":false,"template":"","format":"standard","meta":{"footnotes":""},"categories":[301],"tags":[],"class_list":["post-127755","post","type-post","status-publish","format-standard","has-post-thumbnail","hentry","category-artigos-policiais"],"_links":{"self":[{"href":"https:\/\/diarioregionaldigital.com.br\/index.php?rest_route=\/wp\/v2\/posts\/127755","targetHints":{"allow":["GET"]}}],"collection":[{"href":"https:\/\/diarioregionaldigital.com.br\/index.php?rest_route=\/wp\/v2\/posts"}],"about":[{"href":"https:\/\/diarioregionaldigital.com.br\/index.php?rest_route=\/wp\/v2\/types\/post"}],"author":[{"embeddable":true,"href":"https:\/\/diarioregionaldigital.com.br\/index.php?rest_route=\/wp\/v2\/users\/96"}],"replies":[{"embeddable":true,"href":"https:\/\/diarioregionaldigital.com.br\/index.php?rest_route=%2Fwp%2Fv2%2Fcomments&post=127755"}],"version-history":[{"count":0,"href":"https:\/\/diarioregionaldigital.com.br\/index.php?rest_route=\/wp\/v2\/posts\/127755\/revisions"}],"wp:featuredmedia":[{"embeddable":true,"href":"https:\/\/diarioregionaldigital.com.br\/index.php?rest_route=\/wp\/v2\/media\/95836"}],"wp:attachment":[{"href":"https:\/\/diarioregionaldigital.com.br\/index.php?rest_route=%2Fwp%2Fv2%2Fmedia&parent=127755"}],"wp:term":[{"taxonomy":"category","embeddable":true,"href":"https:\/\/diarioregionaldigital.com.br\/index.php?rest_route=%2Fwp%2Fv2%2Fcategories&post=127755"},{"taxonomy":"post_tag","embeddable":true,"href":"https:\/\/diarioregionaldigital.com.br\/index.php?rest_route=%2Fwp%2Fv2%2Ftags&post=127755"}],"curies":[{"name":"wp","href":"https:\/\/api.w.org\/{rel}","templated":true}]}}