{"id":127753,"date":"2018-12-07T09:31:01","date_gmt":"2018-12-07T11:31:01","guid":{"rendered":"https:\/\/diarioregionaldigital.com.br\/?p=127753"},"modified":"2018-12-07T09:31:01","modified_gmt":"2018-12-07T11:31:01","slug":"homens-roubam-r3-mil-de-idosa-no-bairro-santa-rita","status":"publish","type":"post","link":"https:\/\/diarioregionaldigital.com.br\/?p=127753","title":{"rendered":"Homens roubam R$3 mil de idosa no bairro Santa Rita"},"content":{"rendered":"<p>Um idosa, de 78 anos, teve a casa assaltada na noite dessa quinta-feira, 06, em Juiz de Fora. O crime aconteceu na Rua Jos\u00e9 Vicente, no bairro Santa Rita, localizado na zona Leste da cidade.<\/p>\n<p>Dois assaltantes entraram na resid\u00eancia por volta das 22h. Os homens agrediram e amarraram a mulher, enquanto vasculhavam os c\u00f4modos da casa.<\/p>\n<p>Os autores roubaram alguns objetos e encontraram R$3 mil reais que estavam guardados. Em seguida fugiram e no foram localizados pela Pol\u00edcia Militar.<\/p>\n<p>A idosa sofreu arranh\u00f5es pelo corpo, mas nao quis ser medicada.<\/p>\n","protected":false},"excerpt":{"rendered":"<p>Um idosa, de 78 anos, teve a casa assaltada na noite dessa quinta-feira, 06, em Juiz de Fora. O crime aconteceu na Rua Jos\u00e9 Vicente, no bairro Santa Rita, localizado na zona Leste da cidade. Dois assaltantes entraram na resid\u00eancia por volta das 22h. Os homens agrediram e amarraram a mulher, enquanto vasculhavam os c\u00f4modos [&hellip;]<\/p>\n","protected":false},"author":96,"featured_media":95836,"comment_status":"closed","ping_status":"closed","sticky":false,"template":"","format":"standard","meta":{"footnotes":""},"categories":[301],"tags":[],"class_list":["post-127753","post","type-post","status-publish","format-standard","has-post-thumbnail","hentry","category-artigos-policiais"],"_links":{"self":[{"href":"https:\/\/diarioregionaldigital.com.br\/index.php?rest_route=\/wp\/v2\/posts\/127753","targetHints":{"allow":["GET"]}}],"collection":[{"href":"https:\/\/diarioregionaldigital.com.br\/index.php?rest_route=\/wp\/v2\/posts"}],"about":[{"href":"https:\/\/diarioregionaldigital.com.br\/index.php?rest_route=\/wp\/v2\/types\/post"}],"author":[{"embeddable":true,"href":"https:\/\/diarioregionaldigital.com.br\/index.php?rest_route=\/wp\/v2\/users\/96"}],"replies":[{"embeddable":true,"href":"https:\/\/diarioregionaldigital.com.br\/index.php?rest_route=%2Fwp%2Fv2%2Fcomments&post=127753"}],"version-history":[{"count":0,"href":"https:\/\/diarioregionaldigital.com.br\/index.php?rest_route=\/wp\/v2\/posts\/127753\/revisions"}],"wp:featuredmedia":[{"embeddable":true,"href":"https:\/\/diarioregionaldigital.com.br\/index.php?rest_route=\/wp\/v2\/media\/95836"}],"wp:attachment":[{"href":"https:\/\/diarioregionaldigital.com.br\/index.php?rest_route=%2Fwp%2Fv2%2Fmedia&parent=127753"}],"wp:term":[{"taxonomy":"category","embeddable":true,"href":"https:\/\/diarioregionaldigital.com.br\/index.php?rest_route=%2Fwp%2Fv2%2Fcategories&post=127753"},{"taxonomy":"post_tag","embeddable":true,"href":"https:\/\/diarioregionaldigital.com.br\/index.php?rest_route=%2Fwp%2Fv2%2Ftags&post=127753"}],"curies":[{"name":"wp","href":"https:\/\/api.w.org\/{rel}","templated":true}]}}