{"id":127738,"date":"2018-12-07T08:17:25","date_gmt":"2018-12-07T10:17:25","guid":{"rendered":"https:\/\/diarioregionaldigital.com.br\/?p=127738"},"modified":"2018-12-07T08:17:25","modified_gmt":"2018-12-07T10:17:25","slug":"menor-e-apreendido-com-drogas-no-bairro-jardim-natal","status":"publish","type":"post","link":"https:\/\/diarioregionaldigital.com.br\/?p=127738","title":{"rendered":"Menor \u00e9 apreendido com drogas no bairro Jardim Natal"},"content":{"rendered":"<p>Um menor, de 14 anos, foi apreendido nessa quinta-feira, 06, por envolvimento em tr\u00e1fico de drogas em Juiz de Fora.<\/p>\n<p>A Pol\u00edcia Militar (PM) recebeu uma den\u00fancia de que entorpecentes estariam sendo vendidos na Rua Augusto Eckmann, no bairro Jardim Natal, na zona Norte da cidade.<\/p>\n<p>Ao chegar ao local indicado, a PM encontrou o adolescente que, ao perceber a presen\u00e7a policial, tentou fugir e se desfazer de um pacote com certa quantidade de droga. Os policiais, por\u00e9m, conseguiram conter o menor e apreender o material.<\/p>\n<p>Foi feito um rastreamento na regi\u00e3o onde se localizou mais drogas e R$114 escondidos em um terreno baldio nas proximidades de onde o menor foi abordado.<\/p>\n<p>Com a ajuda do cao farejador Ayron, outros tres pontos de drogas tambem foram descobertos.<\/p>\n<p>O menor foi apreendido e encaminhado \u00e0 delegacia, assim como todo o material encontrado.<\/p>\n","protected":false},"excerpt":{"rendered":"<p>Um menor, de 14 anos, foi apreendido nessa quinta-feira, 06, por envolvimento em tr\u00e1fico de drogas em Juiz de Fora. A Pol\u00edcia Militar (PM) recebeu uma den\u00fancia de que entorpecentes estariam sendo vendidos na Rua Augusto Eckmann, no bairro Jardim Natal, na zona Norte da cidade. Ao chegar ao local indicado, a PM encontrou o [&hellip;]<\/p>\n","protected":false},"author":96,"featured_media":95836,"comment_status":"closed","ping_status":"closed","sticky":false,"template":"","format":"standard","meta":{"footnotes":""},"categories":[301],"tags":[],"class_list":["post-127738","post","type-post","status-publish","format-standard","has-post-thumbnail","hentry","category-artigos-policiais"],"_links":{"self":[{"href":"https:\/\/diarioregionaldigital.com.br\/index.php?rest_route=\/wp\/v2\/posts\/127738","targetHints":{"allow":["GET"]}}],"collection":[{"href":"https:\/\/diarioregionaldigital.com.br\/index.php?rest_route=\/wp\/v2\/posts"}],"about":[{"href":"https:\/\/diarioregionaldigital.com.br\/index.php?rest_route=\/wp\/v2\/types\/post"}],"author":[{"embeddable":true,"href":"https:\/\/diarioregionaldigital.com.br\/index.php?rest_route=\/wp\/v2\/users\/96"}],"replies":[{"embeddable":true,"href":"https:\/\/diarioregionaldigital.com.br\/index.php?rest_route=%2Fwp%2Fv2%2Fcomments&post=127738"}],"version-history":[{"count":0,"href":"https:\/\/diarioregionaldigital.com.br\/index.php?rest_route=\/wp\/v2\/posts\/127738\/revisions"}],"wp:featuredmedia":[{"embeddable":true,"href":"https:\/\/diarioregionaldigital.com.br\/index.php?rest_route=\/wp\/v2\/media\/95836"}],"wp:attachment":[{"href":"https:\/\/diarioregionaldigital.com.br\/index.php?rest_route=%2Fwp%2Fv2%2Fmedia&parent=127738"}],"wp:term":[{"taxonomy":"category","embeddable":true,"href":"https:\/\/diarioregionaldigital.com.br\/index.php?rest_route=%2Fwp%2Fv2%2Fcategories&post=127738"},{"taxonomy":"post_tag","embeddable":true,"href":"https:\/\/diarioregionaldigital.com.br\/index.php?rest_route=%2Fwp%2Fv2%2Ftags&post=127738"}],"curies":[{"name":"wp","href":"https:\/\/api.w.org\/{rel}","templated":true}]}}