{"id":127717,"date":"2018-12-06T23:13:06","date_gmt":"2018-12-07T01:13:06","guid":{"rendered":"https:\/\/diarioregionaldigital.com.br\/?p=127717"},"modified":"2018-12-06T23:14:43","modified_gmt":"2018-12-07T01:14:43","slug":"projeto-jovens-para-o-futuro-e-destaque-em-campeonatos-brasileiros-e-mundiais-de-jiu-jitsu","status":"publish","type":"post","link":"https:\/\/diarioregionaldigital.com.br\/?p=127717","title":{"rendered":"Projeto \u201cJovens para o futuro\u201d \u00e9 destaque em campeonatos brasileiros e mundiais de Jiu-Jitsu"},"content":{"rendered":"<p>Uma das principais propostas do Projeto de Jiu-jitsu \u201cJovens para o Futuro\u201d, do 27\u00ba Batalh\u00e3o de Pol\u00edcia Militar de Juiz de Fora, \u00e9 utilizar a arte marcial como ferramenta de inser\u00e7\u00e3o social e crescimento pessoal para crian\u00e7as em risco na nossa comunidade. O projeto possibilita um ambiente esportivo de aprendizado, saud\u00e1vel e positivo na vida destas pessoas, visando ajudar na forma\u00e7\u00e3o do car\u00e1ter e no desenvolvimento f\u00edsico e moral.<\/p>\n<p>Criado pelo professor e atleta faixa preta, Wigmam Albuquerque Carvalho, em 2009, e apoiado em 2015 pela Pol\u00edcia Militar com o tenente Gilmar, criando o n\u00facleo no bairro S\u00e3o Mateus onde tamb\u00e9m acontecem outras atividades. Como o objetivo do projeto \u00e9 formar pessoas vitoriosas na vida. Em toda aula e atividade h\u00e1 sempre uma rela\u00e7\u00e3o muito pr\u00f3xima com a realidade do dia-a-dia, preparando as crian\u00e7as para o futuro com responsabilidade e seguran\u00e7a.<\/p>\n<p>As crian\u00e7as aprendem nos treinos a competir com honestidade, ser humilde, reconhecer os erros e acertos. Como um esporte de contato, o Jiu-jitsu proporciona um ambiente desafiador, por\u00e9m seguro, que permite a crian\u00e7a amadurecer para se tornar campe\u00e3 da vida.<\/p>\n<p>Segundo Wigmam, a pr\u00e1tica do Jiu-jitsu infantil vai muito al\u00e9m das conquistas do tatame. \u201cA disciplina e excel\u00eancia exigidas muitas vezes refletem positivamente no comportamento das crian\u00e7as em casa e na escola.\u201d<\/p>\n<p>As aulas de Jiu-jitsu para crian\u00e7as t\u00eam por objetivo melhorar a concentra\u00e7\u00e3o, a disciplina e a sa\u00fade com total seguran\u00e7a. Muito mais do que apenas golpes e posi\u00e7\u00f5es marciais, nesta modalidade busca-se fortalecer as rela\u00e7\u00f5es de amizade e possibilitar que a crian\u00e7a atinja a adolesc\u00eancia com seus princ\u00edpios morais j\u00e1 formados. \u201cA satisfa\u00e7\u00e3o maior \u00e9 ver o aluno se tornando pessoa de bem,\u201d contou.<\/p>\n<p>E neste domingo, 9, \u00e0s 14h, ocorrer\u00e1 gradua\u00e7\u00e3o dos alunos e gradua\u00e7\u00e3o surpresa, na quadra de futebol society, na rua Raul Corre\u00e2 Castro, 197, no bairro Ipiranga.<\/p>\n<p>Atualmente, s\u00e3o tr\u00eas turmas gratuitas, atendendo mais de cem alunos, crian\u00e7as e adolescentes de 4 a 16 anos. Os monitores das turmas infantis foram alunos que se graduaram no per\u00edodo e hoje s\u00e3o faixas marrom e roxa. Que tem como intuito multiplicar o projeto atrav\u00e9s de alunos que foram beneficiados por ele.<\/p>\n<p>As aulas ocorrem duas vezes por semana, com dura\u00e7\u00e3o de uma hora e meia. As turmas s\u00e3o divididas por faixa et\u00e1ria: de 4 a 11 anos e de 12 a 16 anos.<\/p>\n<p>Entre os mais de quatrocentos alunos que passaram pela iniciativa, h\u00e1 seis campe\u00f5es brasileiros e 3 campe\u00f5es mundiais. Al\u00e9m das 31 medalhas conquistadas no brasileiro deste ano e das nove medalhas conquistadas no campeonato mundial. Foram 69 atletas participantes do brasileiro e tamb\u00e9m disputando o mundial. Uma marca muito significativa para o projeto que ainda aguarda apoio e parcerias.<\/p>\n<p>Greicielle Fernandes, 34 anos, m\u00e3e do aluno Davi Fernandes, de sete anos, e aluna do projeto, tamb\u00e9m atua como lideran\u00e7a dos pais no projeto, est\u00e1 muito satisfeita com a iniciativa. \u201cAs artes marciais s\u00e3o muito importantes no que diz respeito \u00e0 disciplina, a respeitar. Fora que eles cobram bom comportamento e boas notas na escola. Para mim, como m\u00e3e de aluno est\u00e1 ajudando muito na educa\u00e7\u00e3o dos meus filhos. Por exemplo: quando uma m\u00e3e chega l\u00e1 reclamando do comportamento do filho, em casa, o aluno \u00e9 punido com perda de um grau ou deixa de trocar de faixa. O professor visita as escolas para saber como est\u00e1 o comportamento dos alunos dele, e isso \u00e9 muito importante para n\u00f3s,\u201d comenta Greicielle.<\/p>\n<p>Para 2019, o objetivo do projeto \u00e9 disputar o m\u00e1ximo de competi\u00e7\u00f5es poss\u00edveis. Levando todos os alunos, para o Brasileiro CBJJO e tamb\u00e9m da CBJJ. Mas o desafio est\u00e1 nas verbas que s\u00e3o necess\u00e1rias para alcan\u00e7ar voos mais altos.<\/p>\n\n\t\t<style type=\"text\/css\">\n\t\t\t#gallery-1 {\n\t\t\t\tmargin: auto;\n\t\t\t}\n\t\t\t#gallery-1 .gallery-item {\n\t\t\t\tfloat: left;\n\t\t\t\tmargin-top: 10px;\n\t\t\t\ttext-align: center;\n\t\t\t\twidth: 33%;\n\t\t\t}\n\t\t\t#gallery-1 img {\n\t\t\t\tborder: 2px solid #cfcfcf;\n\t\t\t}\n\t\t\t#gallery-1 .gallery-caption {\n\t\t\t\tmargin-left: 0;\n\t\t\t}\n\t\t\t\/* see gallery_shortcode() in wp-includes\/media.php *\/\n\t\t<\/style>\n\t\t<div id='gallery-1' class='gallery galleryid-127717 gallery-columns-3 gallery-size-thumbnail'><dl class='gallery-item'>\n\t\t\t<dt class='gallery-icon landscape'>\n\t\t\t\t<a href='https:\/\/diarioregionaldigital.com.br\/?attachment_id=127726'><img loading=\"lazy\" decoding=\"async\" width=\"150\" height=\"150\" src=\"https:\/\/diarioregionaldigital.com.br\/wp-content\/uploads\/2018\/12\/foto-01-RAFAELA-FRUTUOSO-26-150x150.jpg\" class=\"attachment-thumbnail size-thumbnail\" alt=\"\" aria-describedby=\"gallery-1-127726\" srcset=\"https:\/\/diarioregionaldigital.com.br\/wp-content\/uploads\/2018\/12\/foto-01-RAFAELA-FRUTUOSO-26-150x150.jpg 150w, https:\/\/diarioregionaldigital.com.br\/wp-content\/uploads\/2018\/12\/foto-01-RAFAELA-FRUTUOSO-26-180x180.jpg 180w, https:\/\/diarioregionaldigital.com.br\/wp-content\/uploads\/2018\/12\/foto-01-RAFAELA-FRUTUOSO-26-300x300.jpg 300w, https:\/\/diarioregionaldigital.com.br\/wp-content\/uploads\/2018\/12\/foto-01-RAFAELA-FRUTUOSO-26-600x600.jpg 600w, https:\/\/diarioregionaldigital.com.br\/wp-content\/uploads\/2018\/12\/foto-01-RAFAELA-FRUTUOSO-26-120x120.jpg 120w, https:\/\/diarioregionaldigital.com.br\/wp-content\/uploads\/2018\/12\/foto-01-RAFAELA-FRUTUOSO-26-80x80.jpg 80w\" sizes=\"auto, (max-width: 150px) 100vw, 150px\" \/><\/a>\n\t\t\t<\/dt>\n\t\t\t\t<dd class='wp-caption-text gallery-caption' id='gallery-1-127726'>\n\t\t\t\tUm dos objetivos principais do projeto organizado pela PM \u00e9 utilizar a arte marcial como ferramenta de inser\u00e7\u00e3o social e crescimento pessoal. Foto: Rafaela Frutuoso\n\t\t\t\t<\/dd><\/dl><dl class='gallery-item'>\n\t\t\t<dt class='gallery-icon landscape'>\n\t\t\t\t<a href='https:\/\/diarioregionaldigital.com.br\/?attachment_id=127725'><img loading=\"lazy\" decoding=\"async\" width=\"150\" height=\"150\" src=\"https:\/\/diarioregionaldigital.com.br\/wp-content\/uploads\/2018\/12\/RAFAELA-FRUTUOSO-71-150x150.jpg\" class=\"attachment-thumbnail size-thumbnail\" alt=\"\" aria-describedby=\"gallery-1-127725\" srcset=\"https:\/\/diarioregionaldigital.com.br\/wp-content\/uploads\/2018\/12\/RAFAELA-FRUTUOSO-71-150x150.jpg 150w, https:\/\/diarioregionaldigital.com.br\/wp-content\/uploads\/2018\/12\/RAFAELA-FRUTUOSO-71-180x180.jpg 180w, https:\/\/diarioregionaldigital.com.br\/wp-content\/uploads\/2018\/12\/RAFAELA-FRUTUOSO-71-300x300.jpg 300w, https:\/\/diarioregionaldigital.com.br\/wp-content\/uploads\/2018\/12\/RAFAELA-FRUTUOSO-71-600x600.jpg 600w, https:\/\/diarioregionaldigital.com.br\/wp-content\/uploads\/2018\/12\/RAFAELA-FRUTUOSO-71-120x120.jpg 120w, https:\/\/diarioregionaldigital.com.br\/wp-content\/uploads\/2018\/12\/RAFAELA-FRUTUOSO-71-80x80.jpg 80w\" sizes=\"auto, (max-width: 150px) 100vw, 150px\" \/><\/a>\n\t\t\t<\/dt>\n\t\t\t\t<dd class='wp-caption-text gallery-caption' id='gallery-1-127725'>\n\t\t\t\tO projeto possibilita um ambiente esportivo de aprendizado, saud\u00e1vel e positivo na vida destas pessoas. Foto: Rafaela Frutuoso\n\t\t\t\t<\/dd><\/dl><dl class='gallery-item'>\n\t\t\t<dt class='gallery-icon landscape'>\n\t\t\t\t<a href='https:\/\/diarioregionaldigital.com.br\/?attachment_id=127728'><img loading=\"lazy\" decoding=\"async\" width=\"150\" height=\"150\" src=\"https:\/\/diarioregionaldigital.com.br\/wp-content\/uploads\/2018\/12\/foto-03-RAFAELA-FRUTUOSO-111-150x150.jpg\" class=\"attachment-thumbnail size-thumbnail\" alt=\"\" aria-describedby=\"gallery-1-127728\" srcset=\"https:\/\/diarioregionaldigital.com.br\/wp-content\/uploads\/2018\/12\/foto-03-RAFAELA-FRUTUOSO-111-150x150.jpg 150w, https:\/\/diarioregionaldigital.com.br\/wp-content\/uploads\/2018\/12\/foto-03-RAFAELA-FRUTUOSO-111-180x180.jpg 180w, https:\/\/diarioregionaldigital.com.br\/wp-content\/uploads\/2018\/12\/foto-03-RAFAELA-FRUTUOSO-111-300x300.jpg 300w, https:\/\/diarioregionaldigital.com.br\/wp-content\/uploads\/2018\/12\/foto-03-RAFAELA-FRUTUOSO-111-600x600.jpg 600w, https:\/\/diarioregionaldigital.com.br\/wp-content\/uploads\/2018\/12\/foto-03-RAFAELA-FRUTUOSO-111-120x120.jpg 120w, https:\/\/diarioregionaldigital.com.br\/wp-content\/uploads\/2018\/12\/foto-03-RAFAELA-FRUTUOSO-111-80x80.jpg 80w\" sizes=\"auto, (max-width: 150px) 100vw, 150px\" \/><\/a>\n\t\t\t<\/dt>\n\t\t\t\t<dd class='wp-caption-text gallery-caption' id='gallery-1-127728'>\n\t\t\t\tO professor ressalta que a satisfa\u00e7\u00e3o maior \u00e9 ver o aluno se tornando pessoa de bem, com honestidade e sabedoria. Rafaela Frutuoso\n\t\t\t\t<\/dd><\/dl><br style=\"clear: both\" \/><dl class='gallery-item'>\n\t\t\t<dt class='gallery-icon portrait'>\n\t\t\t\t<a href='https:\/\/diarioregionaldigital.com.br\/?attachment_id=127729'><img loading=\"lazy\" decoding=\"async\" width=\"150\" height=\"150\" src=\"https:\/\/diarioregionaldigital.com.br\/wp-content\/uploads\/2018\/12\/foto-02-RAFAELA-FRUTUOSO-86-150x150.jpg\" class=\"attachment-thumbnail size-thumbnail\" alt=\"\" aria-describedby=\"gallery-1-127729\" srcset=\"https:\/\/diarioregionaldigital.com.br\/wp-content\/uploads\/2018\/12\/foto-02-RAFAELA-FRUTUOSO-86-150x150.jpg 150w, https:\/\/diarioregionaldigital.com.br\/wp-content\/uploads\/2018\/12\/foto-02-RAFAELA-FRUTUOSO-86-180x180.jpg 180w, https:\/\/diarioregionaldigital.com.br\/wp-content\/uploads\/2018\/12\/foto-02-RAFAELA-FRUTUOSO-86-300x300.jpg 300w, https:\/\/diarioregionaldigital.com.br\/wp-content\/uploads\/2018\/12\/foto-02-RAFAELA-FRUTUOSO-86-600x600.jpg 600w, https:\/\/diarioregionaldigital.com.br\/wp-content\/uploads\/2018\/12\/foto-02-RAFAELA-FRUTUOSO-86-120x120.jpg 120w, https:\/\/diarioregionaldigital.com.br\/wp-content\/uploads\/2018\/12\/foto-02-RAFAELA-FRUTUOSO-86-80x80.jpg 80w\" sizes=\"auto, (max-width: 150px) 100vw, 150px\" \/><\/a>\n\t\t\t<\/dt>\n\t\t\t\t<dd class='wp-caption-text gallery-caption' id='gallery-1-127729'>\n\t\t\t\tPara o pr\u00f3ximo ano o objetivo \u00e9 colocar os atletas para disputar o m\u00e1ximo de competi\u00e7\u00f5es poss\u00edveis. Rafaela Frutuoso\n\t\t\t\t<\/dd><\/dl><dl class='gallery-item'>\n\t\t\t<dt class='gallery-icon landscape'>\n\t\t\t\t<a href='https:\/\/diarioregionaldigital.com.br\/?attachment_id=127730'><img loading=\"lazy\" decoding=\"async\" width=\"150\" height=\"150\" src=\"https:\/\/diarioregionaldigital.com.br\/wp-content\/uploads\/2018\/12\/RAFAELA-FRUTUOSO-123-1-150x150.jpg\" class=\"attachment-thumbnail size-thumbnail\" alt=\"\" aria-describedby=\"gallery-1-127730\" srcset=\"https:\/\/diarioregionaldigital.com.br\/wp-content\/uploads\/2018\/12\/RAFAELA-FRUTUOSO-123-1-150x150.jpg 150w, https:\/\/diarioregionaldigital.com.br\/wp-content\/uploads\/2018\/12\/RAFAELA-FRUTUOSO-123-1-180x180.jpg 180w, https:\/\/diarioregionaldigital.com.br\/wp-content\/uploads\/2018\/12\/RAFAELA-FRUTUOSO-123-1-300x300.jpg 300w, https:\/\/diarioregionaldigital.com.br\/wp-content\/uploads\/2018\/12\/RAFAELA-FRUTUOSO-123-1-600x600.jpg 600w, https:\/\/diarioregionaldigital.com.br\/wp-content\/uploads\/2018\/12\/RAFAELA-FRUTUOSO-123-1-120x120.jpg 120w, https:\/\/diarioregionaldigital.com.br\/wp-content\/uploads\/2018\/12\/RAFAELA-FRUTUOSO-123-1-80x80.jpg 80w\" sizes=\"auto, (max-width: 150px) 100vw, 150px\" \/><\/a>\n\t\t\t<\/dt>\n\t\t\t\t<dd class='wp-caption-text gallery-caption' id='gallery-1-127730'>\n\t\t\t\tTroca de gradua\u00e7\u00e3o ser\u00e1 feita neste domingo com entrada gratuita, \u00e0s 14h. Foto: Rafaela Frutuoso\n\t\t\t\t<\/dd><\/dl>\n\t\t\t<br style='clear: both' \/>\n\t\t<\/div>\n\n","protected":false},"excerpt":{"rendered":"<p>Uma das principais propostas do Projeto de Jiu-jitsu \u201cJovens para o Futuro\u201d, do 27\u00ba Batalh\u00e3o de Pol\u00edcia Militar de Juiz de Fora, \u00e9 utilizar a arte marcial como ferramenta de inser\u00e7\u00e3o social e crescimento pessoal para crian\u00e7as em risco na nossa comunidade. O projeto possibilita um ambiente esportivo de aprendizado, saud\u00e1vel e positivo na vida [&hellip;]<\/p>\n","protected":false},"author":96,"featured_media":127724,"comment_status":"closed","ping_status":"closed","sticky":false,"template":"","format":"standard","meta":{"footnotes":""},"categories":[440,257,439],"tags":[],"class_list":["post-127717","post","type-post","status-publish","format-standard","has-post-thumbnail","hentry","category-destaques-do-dia","category-esporte","category-ultima-hora"],"_links":{"self":[{"href":"https:\/\/diarioregionaldigital.com.br\/index.php?rest_route=\/wp\/v2\/posts\/127717","targetHints":{"allow":["GET"]}}],"collection":[{"href":"https:\/\/diarioregionaldigital.com.br\/index.php?rest_route=\/wp\/v2\/posts"}],"about":[{"href":"https:\/\/diarioregionaldigital.com.br\/index.php?rest_route=\/wp\/v2\/types\/post"}],"author":[{"embeddable":true,"href":"https:\/\/diarioregionaldigital.com.br\/index.php?rest_route=\/wp\/v2\/users\/96"}],"replies":[{"embeddable":true,"href":"https:\/\/diarioregionaldigital.com.br\/index.php?rest_route=%2Fwp%2Fv2%2Fcomments&post=127717"}],"version-history":[{"count":0,"href":"https:\/\/diarioregionaldigital.com.br\/index.php?rest_route=\/wp\/v2\/posts\/127717\/revisions"}],"wp:featuredmedia":[{"embeddable":true,"href":"https:\/\/diarioregionaldigital.com.br\/index.php?rest_route=\/wp\/v2\/media\/127724"}],"wp:attachment":[{"href":"https:\/\/diarioregionaldigital.com.br\/index.php?rest_route=%2Fwp%2Fv2%2Fmedia&parent=127717"}],"wp:term":[{"taxonomy":"category","embeddable":true,"href":"https:\/\/diarioregionaldigital.com.br\/index.php?rest_route=%2Fwp%2Fv2%2Fcategories&post=127717"},{"taxonomy":"post_tag","embeddable":true,"href":"https:\/\/diarioregionaldigital.com.br\/index.php?rest_route=%2Fwp%2Fv2%2Ftags&post=127717"}],"curies":[{"name":"wp","href":"https:\/\/api.w.org\/{rel}","templated":true}]}}