{"id":127689,"date":"2018-12-07T06:00:39","date_gmt":"2018-12-07T08:00:39","guid":{"rendered":"https:\/\/diarioregionaldigital.com.br\/?p=127689"},"modified":"2018-12-07T03:20:50","modified_gmt":"2018-12-07T05:20:50","slug":"trofeu-josino-aragao-i","status":"publish","type":"post","link":"https:\/\/diarioregionaldigital.com.br\/?p=127689","title":{"rendered":"\u201cTrof\u00e9u Josino Arag\u00e3o I\u201d"},"content":{"rendered":"<p style=\"text-align: center;\"><strong>Refinamento<\/strong><\/p>\n<p style=\"text-align: center;\">A influenciadora digital Mana Biaggi vai estar em estado alfa no s\u00e1bado, 8 de dezembro. Ela renova seus votos em suas bodas de algod\u00e3o com Henrique Biaggi. O cen\u00e1rio ser\u00e1 na espa\u00e7o de eventos Akaza. Para ficar tudo lindo, a assessora e decoradora Larissa Crivellari vai deixar o ambiente deslumbrante.<\/p>\n<p style=\"text-align: center;\"><strong>Empreendedorismo<\/strong><\/p>\n<p style=\"text-align: center;\">Juiz de Fora sediou o Semin\u00e1rio Franchising, uma oportunidade para quem quer se tornar um franqueado ou um franqueador. A a\u00e7\u00e3o \u00e9 uma realiza\u00e7\u00e3o do Sebrae Minas e apresentou informa\u00e7\u00f5es de mercado depoimentos de empres\u00e1rios e tudo sobre o setor. O evento aconteceu no Trade Hotel.<\/p>\n<p style=\"text-align: center;\"><strong>Arquitetura<\/strong><\/p>\n<p style=\"text-align: center;\">Dono da bola da vez, o professor da Faculdade de Arquitetura da UFJF, Frederico Braida, teve seu livro \u201cPor que design \u00e9 linguagem?\u201d selecionado para a exposi\u00e7\u00e3o do 32\u00ba pr\u00eamio de Design do Museu da Casa Brasileira em S\u00e3o Paulo. Aplausos.<\/p>\n<p style=\"text-align: center;\"><span style=\"font-size: 14pt;\"><strong>\u201cTrof\u00e9u Josino Arag\u00e3o I\u201d<\/strong><\/span><\/p>\n<p style=\"text-align: center;\">Com o MHall todo iluminado aconteceu em grande estilo a entrega do \u201cTrof\u00e9u Josino Arag\u00e3o\u201d em sua terceira edi\u00e7\u00e3o. A deslumbrante decora\u00e7\u00e3o de Toninho Aleixo, o correto servi\u00e7o de Paola Buffet, fizeram contraponto para a apresenta\u00e7\u00e3o de Helenise Machado e Pablo Bressan Zanguetta. As fotos de Thiago Kadosh registram presen\u00e7as e homenageados, na festa organizada pelo Sircom.<\/p>\n<div id=\"attachment_127665\" style=\"width: 690px\" class=\"wp-caption aligncenter\"><img loading=\"lazy\" decoding=\"async\" aria-describedby=\"caption-attachment-127665\" class=\"wp-image-127665\" src=\"https:\/\/diarioregionaldigital.com.br\/wp-content\/uploads\/2018\/12\/fotoa-4.jpg\" alt=\"\" width=\"680\" height=\"453\" srcset=\"https:\/\/diarioregionaldigital.com.br\/wp-content\/uploads\/2018\/12\/fotoa-4.jpg 6000w, https:\/\/diarioregionaldigital.com.br\/wp-content\/uploads\/2018\/12\/fotoa-4-300x200.jpg 300w, https:\/\/diarioregionaldigital.com.br\/wp-content\/uploads\/2018\/12\/fotoa-4-768x512.jpg 768w, https:\/\/diarioregionaldigital.com.br\/wp-content\/uploads\/2018\/12\/fotoa-4-1024x683.jpg 1024w, https:\/\/diarioregionaldigital.com.br\/wp-content\/uploads\/2018\/12\/fotoa-4-360x240.jpg 360w\" sizes=\"auto, (max-width: 680px) 100vw, 680px\" \/><p id=\"caption-attachment-127665\" class=\"wp-caption-text\">Fl\u00e1via Arag\u00e3o Platz e Jo\u00e3o Carlos Batista<\/p><\/div>\n<div id=\"attachment_127666\" style=\"width: 690px\" class=\"wp-caption aligncenter\"><img loading=\"lazy\" decoding=\"async\" aria-describedby=\"caption-attachment-127666\" class=\"wp-image-127666\" src=\"https:\/\/diarioregionaldigital.com.br\/wp-content\/uploads\/2018\/12\/fotob-2.jpg\" alt=\"\" width=\"680\" height=\"454\" srcset=\"https:\/\/diarioregionaldigital.com.br\/wp-content\/uploads\/2018\/12\/fotob-2.jpg 1758w, https:\/\/diarioregionaldigital.com.br\/wp-content\/uploads\/2018\/12\/fotob-2-300x201.jpg 300w, https:\/\/diarioregionaldigital.com.br\/wp-content\/uploads\/2018\/12\/fotob-2-768x513.jpg 768w, https:\/\/diarioregionaldigital.com.br\/wp-content\/uploads\/2018\/12\/fotob-2-1024x684.jpg 1024w, https:\/\/diarioregionaldigital.com.br\/wp-content\/uploads\/2018\/12\/fotob-2-360x241.jpg 360w\" sizes=\"auto, (max-width: 680px) 100vw, 680px\" \/><p id=\"caption-attachment-127666\" class=\"wp-caption-text\">Marcio Guerra, Helenise Machado, Eduardo Gomes, Cris Bissoli e Desir\u00e9e Couri\u00a0<\/p><\/div>\n<div id=\"attachment_127667\" style=\"width: 690px\" class=\"wp-caption aligncenter\"><img loading=\"lazy\" decoding=\"async\" aria-describedby=\"caption-attachment-127667\" class=\"wp-image-127667\" src=\"https:\/\/diarioregionaldigital.com.br\/wp-content\/uploads\/2018\/12\/fotoc-3.jpg\" alt=\"\" width=\"680\" height=\"453\" srcset=\"https:\/\/diarioregionaldigital.com.br\/wp-content\/uploads\/2018\/12\/fotoc-3.jpg 6000w, https:\/\/diarioregionaldigital.com.br\/wp-content\/uploads\/2018\/12\/fotoc-3-300x200.jpg 300w, https:\/\/diarioregionaldigital.com.br\/wp-content\/uploads\/2018\/12\/fotoc-3-768x512.jpg 768w, https:\/\/diarioregionaldigital.com.br\/wp-content\/uploads\/2018\/12\/fotoc-3-1024x683.jpg 1024w, https:\/\/diarioregionaldigital.com.br\/wp-content\/uploads\/2018\/12\/fotoc-3-360x240.jpg 360w\" sizes=\"auto, (max-width: 680px) 100vw, 680px\" \/><p id=\"caption-attachment-127667\" class=\"wp-caption-text\">Fl\u00e1via Arag\u00e3o Platz e Caio Z\u00f3ia<\/p><\/div>\n<div id=\"attachment_127668\" style=\"width: 690px\" class=\"wp-caption aligncenter\"><img loading=\"lazy\" decoding=\"async\" aria-describedby=\"caption-attachment-127668\" class=\"wp-image-127668\" src=\"https:\/\/diarioregionaldigital.com.br\/wp-content\/uploads\/2018\/12\/fotod-3.jpg\" alt=\"\" width=\"680\" height=\"453\" srcset=\"https:\/\/diarioregionaldigital.com.br\/wp-content\/uploads\/2018\/12\/fotod-3.jpg 6000w, https:\/\/diarioregionaldigital.com.br\/wp-content\/uploads\/2018\/12\/fotod-3-300x200.jpg 300w, https:\/\/diarioregionaldigital.com.br\/wp-content\/uploads\/2018\/12\/fotod-3-768x512.jpg 768w, https:\/\/diarioregionaldigital.com.br\/wp-content\/uploads\/2018\/12\/fotod-3-1024x683.jpg 1024w, https:\/\/diarioregionaldigital.com.br\/wp-content\/uploads\/2018\/12\/fotod-3-360x240.jpg 360w\" sizes=\"auto, (max-width: 680px) 100vw, 680px\" \/><p id=\"caption-attachment-127668\" class=\"wp-caption-text\">Ronald Platz e Jorge Mazzi<\/p><\/div>\n<div id=\"attachment_127669\" style=\"width: 690px\" class=\"wp-caption aligncenter\"><img loading=\"lazy\" decoding=\"async\" aria-describedby=\"caption-attachment-127669\" class=\"wp-image-127669\" src=\"https:\/\/diarioregionaldigital.com.br\/wp-content\/uploads\/2018\/12\/fotoe-2.jpg\" alt=\"\" width=\"680\" height=\"453\" srcset=\"https:\/\/diarioregionaldigital.com.br\/wp-content\/uploads\/2018\/12\/fotoe-2.jpg 6000w, https:\/\/diarioregionaldigital.com.br\/wp-content\/uploads\/2018\/12\/fotoe-2-300x200.jpg 300w, https:\/\/diarioregionaldigital.com.br\/wp-content\/uploads\/2018\/12\/fotoe-2-768x512.jpg 768w, https:\/\/diarioregionaldigital.com.br\/wp-content\/uploads\/2018\/12\/fotoe-2-1024x683.jpg 1024w, https:\/\/diarioregionaldigital.com.br\/wp-content\/uploads\/2018\/12\/fotoe-2-360x240.jpg 360w\" sizes=\"auto, (max-width: 680px) 100vw, 680px\" \/><p id=\"caption-attachment-127669\" class=\"wp-caption-text\">M\u00e1rcio Miranda, Maira Gruppi, In\u00eas Maciel, Moacir Maciel e Tatiana<\/p><\/div>\n<div id=\"attachment_127670\" style=\"width: 690px\" class=\"wp-caption aligncenter\"><img loading=\"lazy\" decoding=\"async\" aria-describedby=\"caption-attachment-127670\" class=\"wp-image-127670\" src=\"https:\/\/diarioregionaldigital.com.br\/wp-content\/uploads\/2018\/12\/fotof-3.jpg\" alt=\"\" width=\"680\" height=\"453\" srcset=\"https:\/\/diarioregionaldigital.com.br\/wp-content\/uploads\/2018\/12\/fotof-3.jpg 6000w, https:\/\/diarioregionaldigital.com.br\/wp-content\/uploads\/2018\/12\/fotof-3-300x200.jpg 300w, https:\/\/diarioregionaldigital.com.br\/wp-content\/uploads\/2018\/12\/fotof-3-768x512.jpg 768w, https:\/\/diarioregionaldigital.com.br\/wp-content\/uploads\/2018\/12\/fotof-3-1024x683.jpg 1024w, https:\/\/diarioregionaldigital.com.br\/wp-content\/uploads\/2018\/12\/fotof-3-360x240.jpg 360w\" sizes=\"auto, (max-width: 680px) 100vw, 680px\" \/><p id=\"caption-attachment-127670\" class=\"wp-caption-text\">Jane Arag\u00e3o e M\u00e1rcio Monteiro<\/p><\/div>\n<div id=\"attachment_127671\" style=\"width: 690px\" class=\"wp-caption aligncenter\"><img loading=\"lazy\" decoding=\"async\" aria-describedby=\"caption-attachment-127671\" class=\"wp-image-127671\" src=\"https:\/\/diarioregionaldigital.com.br\/wp-content\/uploads\/2018\/12\/fotog-3-e1544130965522.jpg\" alt=\"\" width=\"680\" height=\"491\" srcset=\"https:\/\/diarioregionaldigital.com.br\/wp-content\/uploads\/2018\/12\/fotog-3-e1544130965522.jpg 4173w, https:\/\/diarioregionaldigital.com.br\/wp-content\/uploads\/2018\/12\/fotog-3-e1544130965522-300x217.jpg 300w, https:\/\/diarioregionaldigital.com.br\/wp-content\/uploads\/2018\/12\/fotog-3-e1544130965522-768x555.jpg 768w, https:\/\/diarioregionaldigital.com.br\/wp-content\/uploads\/2018\/12\/fotog-3-e1544130965522-1024x740.jpg 1024w, https:\/\/diarioregionaldigital.com.br\/wp-content\/uploads\/2018\/12\/fotog-3-e1544130965522-360x260.jpg 360w\" sizes=\"auto, (max-width: 680px) 100vw, 680px\" \/><p id=\"caption-attachment-127671\" class=\"wp-caption-text\">Val\u00e9ria Cruz e Jos\u00e9 L\u00facio Fernandes<\/p><\/div>\n<div id=\"attachment_127672\" style=\"width: 690px\" class=\"wp-caption aligncenter\"><img loading=\"lazy\" decoding=\"async\" aria-describedby=\"caption-attachment-127672\" class=\"wp-image-127672\" src=\"https:\/\/diarioregionaldigital.com.br\/wp-content\/uploads\/2018\/12\/fotoh-2.jpg\" alt=\"\" width=\"680\" height=\"453\" srcset=\"https:\/\/diarioregionaldigital.com.br\/wp-content\/uploads\/2018\/12\/fotoh-2.jpg 6000w, https:\/\/diarioregionaldigital.com.br\/wp-content\/uploads\/2018\/12\/fotoh-2-300x200.jpg 300w, https:\/\/diarioregionaldigital.com.br\/wp-content\/uploads\/2018\/12\/fotoh-2-768x512.jpg 768w, https:\/\/diarioregionaldigital.com.br\/wp-content\/uploads\/2018\/12\/fotoh-2-1024x683.jpg 1024w, https:\/\/diarioregionaldigital.com.br\/wp-content\/uploads\/2018\/12\/fotoh-2-360x240.jpg 360w\" sizes=\"auto, (max-width: 680px) 100vw, 680px\" \/><p id=\"caption-attachment-127672\" class=\"wp-caption-text\">Jane Arag\u00e3o e Ana Paula Calixto<\/p><\/div>\n<div id=\"attachment_127673\" style=\"width: 690px\" class=\"wp-caption aligncenter\"><img loading=\"lazy\" decoding=\"async\" aria-describedby=\"caption-attachment-127673\" class=\"wp-image-127673\" src=\"https:\/\/diarioregionaldigital.com.br\/wp-content\/uploads\/2018\/12\/fotoi-2.jpg\" alt=\"\" width=\"680\" height=\"453\" srcset=\"https:\/\/diarioregionaldigital.com.br\/wp-content\/uploads\/2018\/12\/fotoi-2.jpg 6000w, https:\/\/diarioregionaldigital.com.br\/wp-content\/uploads\/2018\/12\/fotoi-2-300x200.jpg 300w, https:\/\/diarioregionaldigital.com.br\/wp-content\/uploads\/2018\/12\/fotoi-2-768x512.jpg 768w, https:\/\/diarioregionaldigital.com.br\/wp-content\/uploads\/2018\/12\/fotoi-2-1024x683.jpg 1024w, https:\/\/diarioregionaldigital.com.br\/wp-content\/uploads\/2018\/12\/fotoi-2-360x240.jpg 360w\" sizes=\"auto, (max-width: 680px) 100vw, 680px\" \/><p id=\"caption-attachment-127673\" class=\"wp-caption-text\">Pais e amigos festejando ao lado do baterista da Banda Conclave Maur\u00edcio Guimar\u00e3es<\/p><\/div>\n<div id=\"attachment_127674\" style=\"width: 690px\" class=\"wp-caption aligncenter\"><img loading=\"lazy\" decoding=\"async\" aria-describedby=\"caption-attachment-127674\" class=\"wp-image-127674\" src=\"https:\/\/diarioregionaldigital.com.br\/wp-content\/uploads\/2018\/12\/fotoj-3.jpg\" alt=\"\" width=\"680\" height=\"453\" srcset=\"https:\/\/diarioregionaldigital.com.br\/wp-content\/uploads\/2018\/12\/fotoj-3.jpg 6000w, https:\/\/diarioregionaldigital.com.br\/wp-content\/uploads\/2018\/12\/fotoj-3-300x200.jpg 300w, https:\/\/diarioregionaldigital.com.br\/wp-content\/uploads\/2018\/12\/fotoj-3-768x512.jpg 768w, https:\/\/diarioregionaldigital.com.br\/wp-content\/uploads\/2018\/12\/fotoj-3-1024x683.jpg 1024w, https:\/\/diarioregionaldigital.com.br\/wp-content\/uploads\/2018\/12\/fotoj-3-360x240.jpg 360w\" sizes=\"auto, (max-width: 680px) 100vw, 680px\" \/><p id=\"caption-attachment-127674\" class=\"wp-caption-text\">Eduardo Gomes, Jane Arag\u00e3o e Manoel Duque<\/p><\/div>\n<div id=\"attachment_127675\" style=\"width: 690px\" class=\"wp-caption aligncenter\"><img loading=\"lazy\" decoding=\"async\" aria-describedby=\"caption-attachment-127675\" class=\"wp-image-127675\" src=\"https:\/\/diarioregionaldigital.com.br\/wp-content\/uploads\/2018\/12\/fotol-2.jpg\" alt=\"\" width=\"680\" height=\"453\" srcset=\"https:\/\/diarioregionaldigital.com.br\/wp-content\/uploads\/2018\/12\/fotol-2.jpg 6000w, https:\/\/diarioregionaldigital.com.br\/wp-content\/uploads\/2018\/12\/fotol-2-300x200.jpg 300w, https:\/\/diarioregionaldigital.com.br\/wp-content\/uploads\/2018\/12\/fotol-2-768x512.jpg 768w, https:\/\/diarioregionaldigital.com.br\/wp-content\/uploads\/2018\/12\/fotol-2-1024x683.jpg 1024w, https:\/\/diarioregionaldigital.com.br\/wp-content\/uploads\/2018\/12\/fotol-2-360x240.jpg 360w\" sizes=\"auto, (max-width: 680px) 100vw, 680px\" \/><p id=\"caption-attachment-127675\" class=\"wp-caption-text\">Fl\u00e1via Arag\u00e3o e Wilson Cyrillo<\/p><\/div>\n<div id=\"attachment_127676\" style=\"width: 690px\" class=\"wp-caption aligncenter\"><img loading=\"lazy\" decoding=\"async\" aria-describedby=\"caption-attachment-127676\" class=\"wp-image-127676\" src=\"https:\/\/diarioregionaldigital.com.br\/wp-content\/uploads\/2018\/12\/fotom-1.jpg\" alt=\"\" width=\"680\" height=\"481\" srcset=\"https:\/\/diarioregionaldigital.com.br\/wp-content\/uploads\/2018\/12\/fotom-1.jpg 5483w, https:\/\/diarioregionaldigital.com.br\/wp-content\/uploads\/2018\/12\/fotom-1-300x212.jpg 300w, https:\/\/diarioregionaldigital.com.br\/wp-content\/uploads\/2018\/12\/fotom-1-768x544.jpg 768w, https:\/\/diarioregionaldigital.com.br\/wp-content\/uploads\/2018\/12\/fotom-1-1024x725.jpg 1024w, https:\/\/diarioregionaldigital.com.br\/wp-content\/uploads\/2018\/12\/fotom-1-750x530.jpg 750w, https:\/\/diarioregionaldigital.com.br\/wp-content\/uploads\/2018\/12\/fotom-1-360x255.jpg 360w, https:\/\/diarioregionaldigital.com.br\/wp-content\/uploads\/2018\/12\/fotom-1-100x70.jpg 100w\" sizes=\"auto, (max-width: 680px) 100vw, 680px\" \/><p id=\"caption-attachment-127676\" class=\"wp-caption-text\">Igor Guimar\u00e3es da Banda Conclave e seus amigos e familiares<\/p><\/div>\n<div id=\"attachment_127677\" style=\"width: 690px\" class=\"wp-caption aligncenter\"><img loading=\"lazy\" decoding=\"async\" aria-describedby=\"caption-attachment-127677\" class=\"wp-image-127677\" src=\"https:\/\/diarioregionaldigital.com.br\/wp-content\/uploads\/2018\/12\/foton-2-e1544130934610.jpg\" alt=\"\" width=\"680\" height=\"591\" srcset=\"https:\/\/diarioregionaldigital.com.br\/wp-content\/uploads\/2018\/12\/foton-2-e1544130934610.jpg 2303w, https:\/\/diarioregionaldigital.com.br\/wp-content\/uploads\/2018\/12\/foton-2-e1544130934610-300x261.jpg 300w, https:\/\/diarioregionaldigital.com.br\/wp-content\/uploads\/2018\/12\/foton-2-e1544130934610-768x667.jpg 768w, https:\/\/diarioregionaldigital.com.br\/wp-content\/uploads\/2018\/12\/foton-2-e1544130934610-1024x889.jpg 1024w, https:\/\/diarioregionaldigital.com.br\/wp-content\/uploads\/2018\/12\/foton-2-e1544130934610-360x313.jpg 360w\" sizes=\"auto, (max-width: 680px) 100vw, 680px\" \/><p id=\"caption-attachment-127677\" class=\"wp-caption-text\">O coiffeur Luciano de Castro<\/p><\/div>\n<div id=\"attachment_127678\" style=\"width: 690px\" class=\"wp-caption aligncenter\"><img loading=\"lazy\" decoding=\"async\" aria-describedby=\"caption-attachment-127678\" class=\"wp-image-127678\" src=\"https:\/\/diarioregionaldigital.com.br\/wp-content\/uploads\/2018\/12\/fotoo-2.jpg\" alt=\"\" width=\"680\" height=\"453\" srcset=\"https:\/\/diarioregionaldigital.com.br\/wp-content\/uploads\/2018\/12\/fotoo-2.jpg 6000w, https:\/\/diarioregionaldigital.com.br\/wp-content\/uploads\/2018\/12\/fotoo-2-300x200.jpg 300w, https:\/\/diarioregionaldigital.com.br\/wp-content\/uploads\/2018\/12\/fotoo-2-768x512.jpg 768w, https:\/\/diarioregionaldigital.com.br\/wp-content\/uploads\/2018\/12\/fotoo-2-1024x683.jpg 1024w, https:\/\/diarioregionaldigital.com.br\/wp-content\/uploads\/2018\/12\/fotoo-2-360x240.jpg 360w\" sizes=\"auto, (max-width: 680px) 100vw, 680px\" \/><p id=\"caption-attachment-127678\" class=\"wp-caption-text\">O bel\u00edssimo visual do palco do MHALL<\/p><\/div>\n<p style=\"text-align: center;\"><strong>FOTOSS\u00cdNTESE<\/strong><\/p>\n<p>Aniversariando nesta sexta-feira, 7 de dezembro, a bonita e talentosa cantora carioca Rosemary. Sucesso na \u00e9poca da Jovem Guarda, ela alcan\u00e7ou sucesso internacional com bel\u00edssimos shows dirigida por Abelardo Figueiredo onde mostrou versatilidade cantando v\u00e1rios repert\u00f3rios da MPB e surgindo como vedete arrasando escadarias e de lindas pernas de fora.<\/p>\n<p>No s\u00e1bado, 8 de dezembro, acontece das 13h \u00e0s 17h, uma programa\u00e7\u00e3o especial no Hotel Green Hill para comemorar o 9\u00ba Dia do S\u00edndico. Em cena, confraterniza\u00e7\u00e3o, exposi\u00e7\u00e3o de empresas e sorteio.<\/p>\n<p>Em ritmo de ranking, o Idec (Instituto de Defesa do Consumidor), lan\u00e7ou a Guia dos Bancos Respons\u00e1veis 2018. Pesquisa avaliou nove bancos em 18 temas que abrangem de meio ambiente e direito trabalhista at\u00e9 transpar\u00eancia e presta\u00e7\u00e3o de contas.<\/p>\n<p>At\u00e9 o dia 15 de dezembro o Santa Cruz Shopping apresenta a Parada Encantada e o Musical de Natal em evento gratuito, com presen\u00e7a de Papai Noel.<\/p>\n<p>Foi no Parque das Torres o encerramento do mutir\u00e3o para melhoria da sede da Associa\u00e7\u00e3o Lixo Certo (Alicer), grupo de catadores de material recicl\u00e1vel sem fins lucrativos.<\/p>\n<p>Agendado para 13 de dezembro, \u00e0s 20h, o coquetel de inaugura\u00e7\u00e3o da Maternidade Monte Sinai. Merci pelo convite.<\/p>\n<p>Com muitos aplausos o grupo Terceira Idade do conceituado Grupo Divulga\u00e7\u00e3o encenou a pe\u00e7a \u201cClube do Afeto\u201d, com texto e dire\u00e7\u00e3o da Jos\u00e9 Luis Ribeiro, no F\u00f3rum da Cultura.<\/p>\n<p>Para decora\u00e7\u00e3o de Natal as tend\u00eancias estilosas da grande noite propagam a paz e a harmonia, segundo o talentoso Designer de Interiores, Luiz Henrique Duarte.<\/p>\n<p>Digno de elogios, o jornalista Wilson Cid acaba de lan\u00e7ar seu primeiro livro \u201cA Margem do Paraibuna\u201d.<\/p>\n<p>Para desabafar: \u201cApesar de voc\u00ea amanh\u00e3 h\u00e1 de ser outro dia\u201d. (Chico Buarque)<\/p>\n","protected":false},"excerpt":{"rendered":"<p>Refinamento A influenciadora digital Mana Biaggi vai estar em estado alfa no s\u00e1bado, 8 de dezembro. Ela renova seus votos em suas bodas de algod\u00e3o com Henrique Biaggi. O cen\u00e1rio ser\u00e1 na espa\u00e7o de eventos Akaza. Para ficar tudo lindo, a assessora e decoradora Larissa Crivellari vai deixar o ambiente deslumbrante. Empreendedorismo Juiz de Fora [&hellip;]<\/p>\n","protected":false},"author":96,"featured_media":127665,"comment_status":"closed","ping_status":"closed","sticky":false,"template":"","format":"standard","meta":{"footnotes":""},"categories":[264],"tags":[],"class_list":["post-127689","post","type-post","status-publish","format-standard","has-post-thumbnail","hentry","category-eduardo-gomes"],"_links":{"self":[{"href":"https:\/\/diarioregionaldigital.com.br\/index.php?rest_route=\/wp\/v2\/posts\/127689","targetHints":{"allow":["GET"]}}],"collection":[{"href":"https:\/\/diarioregionaldigital.com.br\/index.php?rest_route=\/wp\/v2\/posts"}],"about":[{"href":"https:\/\/diarioregionaldigital.com.br\/index.php?rest_route=\/wp\/v2\/types\/post"}],"author":[{"embeddable":true,"href":"https:\/\/diarioregionaldigital.com.br\/index.php?rest_route=\/wp\/v2\/users\/96"}],"replies":[{"embeddable":true,"href":"https:\/\/diarioregionaldigital.com.br\/index.php?rest_route=%2Fwp%2Fv2%2Fcomments&post=127689"}],"version-history":[{"count":0,"href":"https:\/\/diarioregionaldigital.com.br\/index.php?rest_route=\/wp\/v2\/posts\/127689\/revisions"}],"wp:featuredmedia":[{"embeddable":true,"href":"https:\/\/diarioregionaldigital.com.br\/index.php?rest_route=\/wp\/v2\/media\/127665"}],"wp:attachment":[{"href":"https:\/\/diarioregionaldigital.com.br\/index.php?rest_route=%2Fwp%2Fv2%2Fmedia&parent=127689"}],"wp:term":[{"taxonomy":"category","embeddable":true,"href":"https:\/\/diarioregionaldigital.com.br\/index.php?rest_route=%2Fwp%2Fv2%2Fcategories&post=127689"},{"taxonomy":"post_tag","embeddable":true,"href":"https:\/\/diarioregionaldigital.com.br\/index.php?rest_route=%2Fwp%2Fv2%2Ftags&post=127689"}],"curies":[{"name":"wp","href":"https:\/\/api.w.org\/{rel}","templated":true}]}}