{"id":127682,"date":"2018-12-06T17:50:30","date_gmt":"2018-12-06T19:50:30","guid":{"rendered":"https:\/\/diarioregionaldigital.com.br\/?p=127682"},"modified":"2018-12-06T17:50:30","modified_gmt":"2018-12-06T19:50:30","slug":"cesta-basica-regional-registra-aumento-de-424","status":"publish","type":"post","link":"https:\/\/diarioregionaldigital.com.br\/?p=127682","title":{"rendered":"Cesta b\u00e1sica regional registra aumento de 4,24%"},"content":{"rendered":"<p>A pesquisa semanal de pre\u00e7os realizada pela Secretaria de Agropecu\u00e1ria e Abastecimento (SAA) da Prefeitura de Juiz de Fora (PJF), divulgada nesta quinta-feira, 6, revelou aumento no pre\u00e7o da cesta b\u00e1sica regional. O valor registrado foi de R$329,26. Em compara\u00e7\u00e3o com a semana anterior, a cesta ficou R$13,40 mais cara. Em percentual, o aumento representa 4,24%. O valor atual da cesta b\u00e1sica regional representa 37,51% do valor do sal\u00e1rio m\u00ednimo ou o equivalente \u00e0 quantia obtida em onze dias de trabalho.<\/p>\n<p>Considerando uma fam\u00edlia com quatro pessoas, sendo duas adultas e duas crian\u00e7as, e levando em conta a propor\u00e7\u00e3o de duas crian\u00e7as por uma pessoa adulta, o gasto ser\u00e1 de R$987,78, conforme c\u00e1lculo realizado pelo Departamento Intersindical de Estat\u00edsticas e Estudos Socioecon\u00f4micos (Dieese) e da SAA.<\/p>\n<p>Os produtos que apresentaram os maiores aumentos na semana s\u00e3o manteiga comum (20,52%), macarr\u00e3o espaguete (16,28%) e banana-prata (12,40%). As principais quedas de pre\u00e7o foram registradas por produtos como batata-inglesa (-22,15%), tomate (-18,16%) e feij\u00e3o-preto (-7,52%).<\/p>\n<p>A varia\u00e7\u00e3o m\u00e9dia de pre\u00e7os de todos os itens pertencentes \u00e0 cesta b\u00e1sica pode ser visualizada <a href=\"https:\/\/www.pjf.mg.gov.br\/secretarias\/saa\/pesquisas\/cesta_basica\/index.php\">atrav\u00e9s deste link<\/a>.<\/p>\n<p>Fonte: PJF<\/p>\n","protected":false},"excerpt":{"rendered":"<p>A pesquisa semanal de pre\u00e7os realizada pela Secretaria de Agropecu\u00e1ria e Abastecimento (SAA) da Prefeitura de Juiz de Fora (PJF), divulgada nesta quinta-feira, 6, revelou aumento no pre\u00e7o da cesta b\u00e1sica regional. O valor registrado foi de R$329,26. Em compara\u00e7\u00e3o com a semana anterior, a cesta ficou R$13,40 mais cara. Em percentual, o aumento representa [&hellip;]<\/p>\n","protected":false},"author":96,"featured_media":127683,"comment_status":"closed","ping_status":"closed","sticky":false,"template":"","format":"standard","meta":{"footnotes":""},"categories":[436,261,252,439],"tags":[],"class_list":["post-127682","post","type-post","status-publish","format-standard","has-post-thumbnail","hentry","category-destaque-da-semana","category-economia","category-regiao","category-ultima-hora"],"_links":{"self":[{"href":"https:\/\/diarioregionaldigital.com.br\/index.php?rest_route=\/wp\/v2\/posts\/127682","targetHints":{"allow":["GET"]}}],"collection":[{"href":"https:\/\/diarioregionaldigital.com.br\/index.php?rest_route=\/wp\/v2\/posts"}],"about":[{"href":"https:\/\/diarioregionaldigital.com.br\/index.php?rest_route=\/wp\/v2\/types\/post"}],"author":[{"embeddable":true,"href":"https:\/\/diarioregionaldigital.com.br\/index.php?rest_route=\/wp\/v2\/users\/96"}],"replies":[{"embeddable":true,"href":"https:\/\/diarioregionaldigital.com.br\/index.php?rest_route=%2Fwp%2Fv2%2Fcomments&post=127682"}],"version-history":[{"count":0,"href":"https:\/\/diarioregionaldigital.com.br\/index.php?rest_route=\/wp\/v2\/posts\/127682\/revisions"}],"wp:featuredmedia":[{"embeddable":true,"href":"https:\/\/diarioregionaldigital.com.br\/index.php?rest_route=\/wp\/v2\/media\/127683"}],"wp:attachment":[{"href":"https:\/\/diarioregionaldigital.com.br\/index.php?rest_route=%2Fwp%2Fv2%2Fmedia&parent=127682"}],"wp:term":[{"taxonomy":"category","embeddable":true,"href":"https:\/\/diarioregionaldigital.com.br\/index.php?rest_route=%2Fwp%2Fv2%2Fcategories&post=127682"},{"taxonomy":"post_tag","embeddable":true,"href":"https:\/\/diarioregionaldigital.com.br\/index.php?rest_route=%2Fwp%2Fv2%2Ftags&post=127682"}],"curies":[{"name":"wp","href":"https:\/\/api.w.org\/{rel}","templated":true}]}}