{"id":127679,"date":"2018-12-06T17:39:31","date_gmt":"2018-12-06T19:39:31","guid":{"rendered":"https:\/\/diarioregionaldigital.com.br\/?p=127679"},"modified":"2018-12-06T17:39:31","modified_gmt":"2018-12-06T19:39:31","slug":"comboio-do-bem-alegra-o-natal-das-criancas","status":"publish","type":"post","link":"https:\/\/diarioregionaldigital.com.br\/?p=127679","title":{"rendered":"Comboio do Bem alegra o Natal das crian\u00e7as"},"content":{"rendered":"<p>Nesta sexta-feira, 7, centenas de brinquedos, fraldas e sorrisos ser\u00e3o distribu\u00eddos na 18\u00aa edi\u00e7\u00e3o do Comboio do Bem que, neste ano, visitar\u00e1 a Associa\u00e7\u00e3o de Pais e Amigos dos Excepcionais (Apae), a Escola Estadual Maria das Dores e os institutos Bruno e Vit\u00f3ria. A iniciativa, desenvolvida por um grupo de amigos, parceiros e volunt\u00e1rios, apadrinhou todas as cartinhas escritas pelos 494 atendidos das 4 entidades para o Papai Noel dos Correios. Quatro mil fraldas tamb\u00e9m foram arrecadas e ser\u00e3o distribu\u00eddas no dia da a\u00e7\u00e3o.<\/p>\n<p>A escolha das institui\u00e7\u00f5es leva em considera\u00e7\u00e3o o trabalho realizado por cada uma delas, refer\u00eancias no atendimento a crian\u00e7as, jovens e adultos com algum tipo de defici\u00eancia em Juiz de Fora. \u201cO projeto come\u00e7ou em 2.000, quando, na \u00e9poca, adotei 30 cartinhas. Depois, sempre com a ajuda do Corpo de Bombeiros, o n\u00famero foi subindo. Em 2005, surgiu a ideia de pegar os pedidos s\u00f3 de crian\u00e7as com defici\u00eancia e, a partir da\u00ed, come\u00e7amos a trabalhar no formato que estamos at\u00e9 hoje\u201d, explica William Boy, um dos idealizadores da a\u00e7\u00e3o. \u201cO 7 de dezembro foi escolhido porque trata-se do \u00faltimo dia de aula nas institui\u00e7\u00f5es. Com o apoio de muitos volunt\u00e1rios, buscamos atender todos os pedidos e encerrar o ano letivo destes espa\u00e7os de uma forma muito especial\u201d.<br \/>\n<strong>ENTREGA<\/strong><\/p>\n<p>Na sexta, todos os presentes ser\u00e3o levados por um grande comboio de ve\u00edculos, formado por motos, viaturas e caminh\u00f5es de \u00f3rg\u00e3os de esferas municipais, estaduais e federais. Participam da edi\u00e7\u00e3o 2018: Aeron\u00e1utica (EPCAR), Corpo de Bombeiros, Correios, Ex\u00e9rcito, Guarda Municipal, Pol\u00edcia Civil, Pol\u00edcia Militar, Pol\u00edcia Rodovi\u00e1ria Federal, Receita Estadual, Samu e Settra. Al\u00e9m das entidades parceiras, o comboio tamb\u00e9m conta com a presen\u00e7a de carros particulares, de volunt\u00e1rios que tamb\u00e9m auxiliam no dia da entrega dos presentes. Pelo n\u00famero de autom\u00f3veis envolvidos, a a\u00e7\u00e3o desperta a aten\u00e7\u00e3o por onde passa nas ruas de Juiz de Fora.<\/p>\n<p>\u201c\u00c9 um dia muito m\u00e1gico, tanto para quem oferece quanto para quem recebe. Temos a presen\u00e7a de mascotes, como o Foguinho, do Corpo de Bombeiros; o PM Amigo Legal, da Pol\u00edcia Militar; o Tirinha, da Pol\u00edcia Civil; Z\u00e9 Patrulha, da PRF; Samuzinho, Samuzetes e o Sr. Samuca do SAMU; e Carteirinho, dos Correios. \u00c9 uma grande festa, regada a presentes, bolo, refrigerante e muita alegria\u201d, elenca o idealizador da iniciativa\u201d.<\/p>\n<p>Mantendo a tradi\u00e7\u00e3o, a sa\u00edda do Comboio do Bem ser\u00e1 do 4\u00ba Batalh\u00e3o de Bombeiros Militar, localizado na Avenida Brasil, no Centro de Juiz de Fora, \u00e0s 7h30. A estimativa \u00e9 de duas visitas na parte da manh\u00e3 e outras duas na parte da tarde, com encerramento de todas as atividades por volta das 16h.<br \/>\nA programa\u00e7\u00e3o completa est\u00e1 detalhada abaixo:<\/p>\n<p>&#8211; 07h &#8211; Caf\u00e9 da manh\u00e3 e Briefing (na sede do 4\u00ba BBMG)<\/p>\n<p>&#8211; 07h30 &#8211; Sa\u00edda do Comboio<\/p>\n<p>&#8211; 08h00 &#8211; E.E. Maria das Dores<\/p>\n<p>&#8211; 10h \u2013 APAE<\/p>\n<p>&#8211; 12h \u2013 Almo\u00e7o<\/p>\n<p>&#8211; 14h &#8211; Sede do 17\u00ba BLog (Instituto Bruno e Instituto Vit\u00f3ria)<\/p>\n<p>&#8211; 16h \u2013 Encerramento<\/p>\n<p>Os detalhes podem ser conferidos na p\u00e1gina do Comboio do Bem no Facebook: <a href=\"https:\/\/facebook.com\/ComboiodoBem\">facebook.com\/ComboiodoBem<\/a> ou pelo telefone (32) 99965-8095.<\/p>\n<p>Fonte: Assessoria<\/p>\n","protected":false},"excerpt":{"rendered":"<p>Nesta sexta-feira, 7, centenas de brinquedos, fraldas e sorrisos ser\u00e3o distribu\u00eddos na 18\u00aa edi\u00e7\u00e3o do Comboio do Bem que, neste ano, visitar\u00e1 a Associa\u00e7\u00e3o de Pais e Amigos dos Excepcionais (Apae), a Escola Estadual Maria das Dores e os institutos Bruno e Vit\u00f3ria. A iniciativa, desenvolvida por um grupo de amigos, parceiros e volunt\u00e1rios, apadrinhou [&hellip;]<\/p>\n","protected":false},"author":96,"featured_media":127680,"comment_status":"closed","ping_status":"closed","sticky":false,"template":"","format":"standard","meta":{"footnotes":""},"categories":[253,436,439],"tags":[],"class_list":["post-127679","post","type-post","status-publish","format-standard","has-post-thumbnail","hentry","category-cidade","category-destaque-da-semana","category-ultima-hora"],"_links":{"self":[{"href":"https:\/\/diarioregionaldigital.com.br\/index.php?rest_route=\/wp\/v2\/posts\/127679","targetHints":{"allow":["GET"]}}],"collection":[{"href":"https:\/\/diarioregionaldigital.com.br\/index.php?rest_route=\/wp\/v2\/posts"}],"about":[{"href":"https:\/\/diarioregionaldigital.com.br\/index.php?rest_route=\/wp\/v2\/types\/post"}],"author":[{"embeddable":true,"href":"https:\/\/diarioregionaldigital.com.br\/index.php?rest_route=\/wp\/v2\/users\/96"}],"replies":[{"embeddable":true,"href":"https:\/\/diarioregionaldigital.com.br\/index.php?rest_route=%2Fwp%2Fv2%2Fcomments&post=127679"}],"version-history":[{"count":0,"href":"https:\/\/diarioregionaldigital.com.br\/index.php?rest_route=\/wp\/v2\/posts\/127679\/revisions"}],"wp:featuredmedia":[{"embeddable":true,"href":"https:\/\/diarioregionaldigital.com.br\/index.php?rest_route=\/wp\/v2\/media\/127680"}],"wp:attachment":[{"href":"https:\/\/diarioregionaldigital.com.br\/index.php?rest_route=%2Fwp%2Fv2%2Fmedia&parent=127679"}],"wp:term":[{"taxonomy":"category","embeddable":true,"href":"https:\/\/diarioregionaldigital.com.br\/index.php?rest_route=%2Fwp%2Fv2%2Fcategories&post=127679"},{"taxonomy":"post_tag","embeddable":true,"href":"https:\/\/diarioregionaldigital.com.br\/index.php?rest_route=%2Fwp%2Fv2%2Ftags&post=127679"}],"curies":[{"name":"wp","href":"https:\/\/api.w.org\/{rel}","templated":true}]}}