{"id":127646,"date":"2018-12-06T15:00:05","date_gmt":"2018-12-06T17:00:05","guid":{"rendered":"https:\/\/diarioregionaldigital.com.br\/?p=127646"},"modified":"2018-12-06T15:00:05","modified_gmt":"2018-12-06T17:00:05","slug":"palocci-diz-que-filho-de-lula-recebeu-propina-de-montadoras","status":"publish","type":"post","link":"https:\/\/diarioregionaldigital.com.br\/?p=127646","title":{"rendered":"Palocci diz que filho de Lula recebeu propina de montadoras"},"content":{"rendered":"<p>O ex-ministro da Fazenda e da Casa Civil Antonio Palocci disse nesta quinta-feira, 6, em depoimento \u00e0 Justi\u00e7a Federal no Distrito Federal, que o filho do ex-presidente Luiz In\u00e1cio Lula da Silva, Luiz Cl\u00e1udio, recebeu recursos de um lobista envolvido na elabora\u00e7\u00e3o da Medida Provis\u00f3ria 471\/2009, objeto de a\u00e7\u00e3o penal no \u00e2mbito da Opera\u00e7\u00e3o Zelotes.<\/p>\n<p>Segundo Palocci, o filho de Lula o teria procurado em sua consultoria, em S\u00e3o Paulo, entre o final de 2013 e o in\u00edcio de 2014, para que o ajudasse a obter de empresas ao menos R$ 2 milh\u00f5es para viabilizar um de seus empreendimentos. Mas o pr\u00f3prio Lula, segundo o ex-ministro, teria lhe informado j\u00e1 ter obtido o dinheiro com o lobista Mauro Marcondes.<\/p>\n<p>Segundo a den\u00fancia do Minist\u00e9rio P\u00fablico Federal (MPF), Marcondes atuou junto ao governo Lula em prol da elabora\u00e7\u00e3o da MP 471, na qual foram concedidos benef\u00edcios fiscais a montadoras de ve\u00edculos, que em troca teriam pago propina para que o texto fosse publicado.<\/p>\n<p>Palocci disse ter procurado Lula em 2014, cerca de um m\u00eas ap\u00f3s o encontro com Luiz Cl\u00e1udio, para conversar sobre o pedido do filho do ex-presidente. A reuni\u00e3o teria ocorrido no Instituto Lula, em S\u00e3o Paulo.<\/p>\n<p>\u201cFui falar com o ex-presidente Lula porque queria ver com ele se autorizava a fazer isso [obter recursos para seu filho]. Foi ai que o ex-presidente falou n\u00e3o precisar atender ao Luiz Cl\u00e1udio porque &#8216;eu j\u00e1 resolvi esse problema com o Mauro Marcondes&#8217; \u201d, disse Palocci.<\/p>\n<h2>Benef\u00edcios fiscais<\/h2>\n<p>Em 2013, os benef\u00edcios fiscais foram renovados pela ent\u00e3o presidente Dilma Rousseff por nova MP. Segundo Palocci, o ex-presidente Lula confirmou a ele ter negocia\u00e7\u00e3o com as montadoras para que ambas as MPs, de 2009 e 2013, fossem aprovadas. As tratativas teriam sido realizadas com a intermedia\u00e7\u00e3o de Marcondes, que, segundo o ex-ministro da Fazenda, teria acesso \u201cirrestrito\u201d a Lula.<\/p>\n<p>Palocci disse, no entanto, n\u00e3o ter como comprovar o repasse de recursos das montadoras a Luiz Cl\u00e1udio, que n\u00e3o \u00e9 r\u00e9u na a\u00e7\u00e3o penal que trata da tramita\u00e7\u00e3o da MP 471\/2009. O ex-ministro disse tamb\u00e9m n\u00e3o ter conhecimento direto sobre a atua\u00e7\u00e3o de Marcondes na elabora\u00e7\u00e3o da medida provis\u00f3ria. E que ficou sabendo do envolvimento do lobista somente por meio de Lula.<\/p>\n<p>Por meio de videoconfer\u00eancia a partir de S\u00e3o Paulo, o ex-ministro da Fazenda prestou depoimento como testemunha de acusa\u00e7\u00e3o ao juiz substituto Ricardo Soares Leite, da 10\u00aa Vara Federal de Bras\u00edlia, em uma das quatro a\u00e7\u00f5es penais a que Lula responde na Justi\u00e7a Federal do Distrito Federal. Al\u00e9m do ex-presidente, s\u00e3o r\u00e9us no processo Mauro Marcondes, o ex-chefe de gabinete de Lula, Gilberto Carvalho, e mais quatro pessoas.<\/p>\n<p>Logo no in\u00edcio da audi\u00eancia, o advogado Cristiano Zanin Martins, que representa Lula, tentou suspender o depoimento de Palocci, alegando que ele firmou acordo de dela\u00e7\u00e3o premiada relativo a outras a\u00e7\u00f5es e \u00e0 qual a defesa n\u00e3o teve acesso, sendo portanto uma testemunha interessada em incriminar Lula em troca de benef\u00edcios legais concedidos pelo Minist\u00e9rio P\u00fablico.<\/p>\n<p>O pedido de Zanin foi refor\u00e7ado por todas as demais defesas dos acusados, mas o juiz Soares Leite n\u00e3o o concedeu. O procurador da Rep\u00fablica respons\u00e1vel pelo caso, Fernando Paiva, argumentou que a Opera\u00e7\u00e3o Zelotes n\u00e3o tem envolvimento com a dela\u00e7\u00e3o de Palocci, que foi firmada em negocia\u00e7\u00e3o com a Pol\u00edcia Federal do Paran\u00e1, no \u00e2mbito da Lava Jato.<\/p>\n<p>Palocci foi ministro da Fazenda entre janeiro de 2003 e mar\u00e7o de 2006, no governo Lula, e da Casa Civil entre janeiro e julho de 2011, no governo Dilma.<\/p>\n<p>Fonte: Ag\u00eancia Brasil<\/p>\n","protected":false},"excerpt":{"rendered":"<p>O ex-ministro da Fazenda e da Casa Civil Antonio Palocci disse nesta quinta-feira, 6, em depoimento \u00e0 Justi\u00e7a Federal no Distrito Federal, que o filho do ex-presidente Luiz In\u00e1cio Lula da Silva, Luiz Cl\u00e1udio, recebeu recursos de um lobista envolvido na elabora\u00e7\u00e3o da Medida Provis\u00f3ria 471\/2009, objeto de a\u00e7\u00e3o penal no \u00e2mbito da Opera\u00e7\u00e3o Zelotes. [&hellip;]<\/p>\n","protected":false},"author":96,"featured_media":97343,"comment_status":"closed","ping_status":"closed","sticky":false,"template":"","format":"standard","meta":{"footnotes":""},"categories":[436,254,439],"tags":[],"class_list":["post-127646","post","type-post","status-publish","format-standard","has-post-thumbnail","hentry","category-destaque-da-semana","category-politica","category-ultima-hora"],"_links":{"self":[{"href":"https:\/\/diarioregionaldigital.com.br\/index.php?rest_route=\/wp\/v2\/posts\/127646","targetHints":{"allow":["GET"]}}],"collection":[{"href":"https:\/\/diarioregionaldigital.com.br\/index.php?rest_route=\/wp\/v2\/posts"}],"about":[{"href":"https:\/\/diarioregionaldigital.com.br\/index.php?rest_route=\/wp\/v2\/types\/post"}],"author":[{"embeddable":true,"href":"https:\/\/diarioregionaldigital.com.br\/index.php?rest_route=\/wp\/v2\/users\/96"}],"replies":[{"embeddable":true,"href":"https:\/\/diarioregionaldigital.com.br\/index.php?rest_route=%2Fwp%2Fv2%2Fcomments&post=127646"}],"version-history":[{"count":0,"href":"https:\/\/diarioregionaldigital.com.br\/index.php?rest_route=\/wp\/v2\/posts\/127646\/revisions"}],"wp:featuredmedia":[{"embeddable":true,"href":"https:\/\/diarioregionaldigital.com.br\/index.php?rest_route=\/wp\/v2\/media\/97343"}],"wp:attachment":[{"href":"https:\/\/diarioregionaldigital.com.br\/index.php?rest_route=%2Fwp%2Fv2%2Fmedia&parent=127646"}],"wp:term":[{"taxonomy":"category","embeddable":true,"href":"https:\/\/diarioregionaldigital.com.br\/index.php?rest_route=%2Fwp%2Fv2%2Fcategories&post=127646"},{"taxonomy":"post_tag","embeddable":true,"href":"https:\/\/diarioregionaldigital.com.br\/index.php?rest_route=%2Fwp%2Fv2%2Ftags&post=127646"}],"curies":[{"name":"wp","href":"https:\/\/api.w.org\/{rel}","templated":true}]}}