{"id":127643,"date":"2018-12-06T14:54:33","date_gmt":"2018-12-06T16:54:33","guid":{"rendered":"https:\/\/diarioregionaldigital.com.br\/?p=127643"},"modified":"2018-12-06T14:54:33","modified_gmt":"2018-12-06T16:54:33","slug":"alimentos-da-cesta-basica-estao-mais-caros-em-16-capitais-brasileiras","status":"publish","type":"post","link":"https:\/\/diarioregionaldigital.com.br\/?p=127643","title":{"rendered":"Alimentos da cesta b\u00e1sica est\u00e3o mais caros em 16 capitais brasileiras"},"content":{"rendered":"<p>O pre\u00e7o dos alimentos da cesta b\u00e1sica aumentou em 16 das 18 capitais brasileiras pesquisadas pelo Departamento Intersindical de Estat\u00edstica e Estudos Socioecon\u00f4micos ( Dieese). As altas mais expressivas foram em Belo Horizonte (7,81%), S\u00e3o Lu\u00eds (6,44%), Campo Grande (6,05%) e S\u00e3o Paulo (5,68%). Houve queda em Vit\u00f3ria (-2,65%) e Salvador (-0,26%).<\/p>\n<p>A cesta mais cara foi a de S\u00e3o Paulo (R$ 471,37), seguida pela de Porto Alegre (R$ 463,09), Rio\u00a0de Janeiro\u00a0(R$ 460,24) e Florian\u00f3polis (R$ 454,87). Os menores valores m\u00e9dios foram observados em Salvador (R$ 330,17) e\u00a0Natal\u00a0(R$ 332,21). Durante o ano de 2018, todas as capitais acumularam alta, com destaque para Campo Grande (14,89%), Bras\u00edlia (13,44%) e Fortaleza (12,03%).<\/p>\n<p>De outubro a novembro deste ano,\u00a0os alimentos que apresentaram alta na maior parte das capitais pesquisadas foram tomate, batata, \u00f3leo de soja, p\u00e3o franc\u00eas e carne bovina de primeira. J\u00e1 o leite integral teve queda de pre\u00e7os em 16 capitais.<\/p>\n<p>Com base nesses valores, o Dieese estimou em R$ 3.959,98 o sal\u00e1rio m\u00ednimo necess\u00e1rio para a uma fam\u00edlia de quatro pessoas no m\u00eas\u00a0de novembro, o equivalente a 4,15 vezes o m\u00ednimo atual, de R$ 954. Em outubro, o sal\u00e1rio m\u00ednimo foi estimado em R$ 3.783,39. O tempo m\u00e9dio que um trabalhador levou para adquirir os produtos da cesta b\u00e1sica, em novembro, foi de 91 horas e 13 minutos. Em outubro de 2018, ficou em 88 horas e 30 minutos.<\/p>\n<p>&nbsp;<\/p>\n<p>Fonte: Ag\u00eancia Brasil<\/p>\n","protected":false},"excerpt":{"rendered":"<p>O pre\u00e7o dos alimentos da cesta b\u00e1sica aumentou em 16 das 18 capitais brasileiras pesquisadas pelo Departamento Intersindical de Estat\u00edstica e Estudos Socioecon\u00f4micos ( Dieese). As altas mais expressivas foram em Belo Horizonte (7,81%), S\u00e3o Lu\u00eds (6,44%), Campo Grande (6,05%) e S\u00e3o Paulo (5,68%). Houve queda em Vit\u00f3ria (-2,65%) e Salvador (-0,26%). A cesta mais [&hellip;]<\/p>\n","protected":false},"author":96,"featured_media":127644,"comment_status":"closed","ping_status":"closed","sticky":false,"template":"","format":"standard","meta":{"footnotes":""},"categories":[436,261,439],"tags":[],"class_list":["post-127643","post","type-post","status-publish","format-standard","has-post-thumbnail","hentry","category-destaque-da-semana","category-economia","category-ultima-hora"],"_links":{"self":[{"href":"https:\/\/diarioregionaldigital.com.br\/index.php?rest_route=\/wp\/v2\/posts\/127643","targetHints":{"allow":["GET"]}}],"collection":[{"href":"https:\/\/diarioregionaldigital.com.br\/index.php?rest_route=\/wp\/v2\/posts"}],"about":[{"href":"https:\/\/diarioregionaldigital.com.br\/index.php?rest_route=\/wp\/v2\/types\/post"}],"author":[{"embeddable":true,"href":"https:\/\/diarioregionaldigital.com.br\/index.php?rest_route=\/wp\/v2\/users\/96"}],"replies":[{"embeddable":true,"href":"https:\/\/diarioregionaldigital.com.br\/index.php?rest_route=%2Fwp%2Fv2%2Fcomments&post=127643"}],"version-history":[{"count":0,"href":"https:\/\/diarioregionaldigital.com.br\/index.php?rest_route=\/wp\/v2\/posts\/127643\/revisions"}],"wp:featuredmedia":[{"embeddable":true,"href":"https:\/\/diarioregionaldigital.com.br\/index.php?rest_route=\/wp\/v2\/media\/127644"}],"wp:attachment":[{"href":"https:\/\/diarioregionaldigital.com.br\/index.php?rest_route=%2Fwp%2Fv2%2Fmedia&parent=127643"}],"wp:term":[{"taxonomy":"category","embeddable":true,"href":"https:\/\/diarioregionaldigital.com.br\/index.php?rest_route=%2Fwp%2Fv2%2Fcategories&post=127643"},{"taxonomy":"post_tag","embeddable":true,"href":"https:\/\/diarioregionaldigital.com.br\/index.php?rest_route=%2Fwp%2Fv2%2Ftags&post=127643"}],"curies":[{"name":"wp","href":"https:\/\/api.w.org\/{rel}","templated":true}]}}