{"id":127640,"date":"2018-12-06T14:51:10","date_gmt":"2018-12-06T16:51:10","guid":{"rendered":"https:\/\/diarioregionaldigital.com.br\/?p=127640"},"modified":"2018-12-06T14:51:10","modified_gmt":"2018-12-06T16:51:10","slug":"vendas-internas-de-veiculos-novos-tem-melhor-resultado-desde-2015","status":"publish","type":"post","link":"https:\/\/diarioregionaldigital.com.br\/?p=127640","title":{"rendered":"Vendas internas de ve\u00edculos novos t\u00eam melhor resultado desde 2015"},"content":{"rendered":"<p>A comercializa\u00e7\u00e3o de ve\u00edculos novos atingiu neste ano o melhor desempenho desde 2015, compensando de certa forma o fraco desempenho das exporta\u00e7\u00f5es no setor. De janeiro a novembro, foram licenciados 2,3 milh\u00f5es de unidades ante 2,2 milh\u00f5es, em 2017, com alta de 15%. Essa taxa superou a meta do setor, que era crescer 13,7%.<\/p>\n<p>\u201cFomos surpreendidos por esse resultado e estamos vendo um consumidor interessado em comprar e condi\u00e7\u00f5es favor\u00e1veis aos neg\u00f3cios, j\u00e1 que temos oferta de cr\u00e9dito e baixa inadimpl\u00eancia\u201d, afirmou o presidente da Associa\u00e7\u00e3o Nacional dos Fabricantes de Ve\u00edculos Automotores (Anfavea), Antonio Megale.<\/p>\n<p>Megale manifestou otimismo com a possibilidade de ser mantido esse aquecimento e de melhora nas vendas externas no pr\u00f3ximo ano. De acordo com Megale, a crise na Argentina, para onde seguem 70% das encomendas externas, contribuiu para que as exporta\u00e7\u00f5es fechem o ano\u00a0abaixo da meta inicial de vendas, que era de 700 mil \u2013 a previs\u00e3o \u00e9 de 650 mil unidades comercializadas.<\/p>\n<p>No acumulado at\u00e9 novembro, o volume financeiro alcan\u00e7ou US$ 13,8 bilh\u00f5es, o que \u00e9 5,2% menos do que em igual per\u00edodo do ano passado. Entre novembro e outubro \u00faltimo, houve recuo de 1,4%. Isso ocorreu tamb\u00e9m com o mercado dom\u00e9stico, onde houve baixa de 9,3%, somando o escoamento de 230,9 mil unidades. O presidente da Anfavea considerou pontuais os resultados do m\u00eas, lembrando que novembro teve dois dias \u00fateis a menos.<\/p>\n<p>Megale acrescentou que, enquanto n\u00e3o ocorre a retomada da economia argentina, as montadoras est\u00e3o \u201cfazendo um esfor\u00e7o\u201d para explorar novos mercados. Entre os clientes onde se espera uma compensa\u00e7\u00e3o pela queda das vendas na Argentina, est\u00e3o sendo feita negocia\u00e7\u00f5es com o Chile e a Col\u00f4mbia e at\u00e9 mesmo parcerias incomuns, caso da R\u00fassia, que mostrou interesse na compra de caminh\u00f5es pesados.<\/p>\n<p>No m\u00eas passado, a produ\u00e7\u00e3o de ve\u00edculos caiu 6,9% em rela\u00e7\u00e3o \u00e0 de outubro e foi 1,6% inferior \u00e0 de novembro do ano passado, sob a influ\u00eancia da falta de dinamismo nas exporta\u00e7\u00f5es. No acumulado at\u00e9 novembro, por\u00e9m, o resultado j\u00e1 \u00e9 o melhor desde 2015, tendo atingido 2,7 milh\u00f5es de unidades, com aumento de 8,8% sobre 2017.<\/p>\n<p>Segundo Megale, o otimismo do setor est\u00e1 ancorado na expectativa de uma boa interlocu\u00e7\u00e3o com a equipe do presidente eleito, Jair Bolsonaro, e na execu\u00e7\u00e3o do programa Rota 2030, que ele acredita ser definido at\u00e9 o final deste ano para ser transformado de medida provis\u00f3ria em lei, levando o setor a implementar mais efici\u00eancia tecnol\u00f3gica e a se impor perante o mercado mundial.<\/p>\n<p>Megale disse ainda que espera do novo governo apoio \u00e0s reformas estruturais, entre as quais a tribut\u00e1ria.<\/p>\n<p>&nbsp;<\/p>\n<p>Fonte: Ag\u00eancia Brasil<\/p>\n","protected":false},"excerpt":{"rendered":"<p>A comercializa\u00e7\u00e3o de ve\u00edculos novos atingiu neste ano o melhor desempenho desde 2015, compensando de certa forma o fraco desempenho das exporta\u00e7\u00f5es no setor. De janeiro a novembro, foram licenciados 2,3 milh\u00f5es de unidades ante 2,2 milh\u00f5es, em 2017, com alta de 15%. Essa taxa superou a meta do setor, que era crescer 13,7%. \u201cFomos [&hellip;]<\/p>\n","protected":false},"author":96,"featured_media":127641,"comment_status":"closed","ping_status":"closed","sticky":false,"template":"","format":"standard","meta":{"footnotes":""},"categories":[436,261,439],"tags":[],"class_list":["post-127640","post","type-post","status-publish","format-standard","has-post-thumbnail","hentry","category-destaque-da-semana","category-economia","category-ultima-hora"],"_links":{"self":[{"href":"https:\/\/diarioregionaldigital.com.br\/index.php?rest_route=\/wp\/v2\/posts\/127640","targetHints":{"allow":["GET"]}}],"collection":[{"href":"https:\/\/diarioregionaldigital.com.br\/index.php?rest_route=\/wp\/v2\/posts"}],"about":[{"href":"https:\/\/diarioregionaldigital.com.br\/index.php?rest_route=\/wp\/v2\/types\/post"}],"author":[{"embeddable":true,"href":"https:\/\/diarioregionaldigital.com.br\/index.php?rest_route=\/wp\/v2\/users\/96"}],"replies":[{"embeddable":true,"href":"https:\/\/diarioregionaldigital.com.br\/index.php?rest_route=%2Fwp%2Fv2%2Fcomments&post=127640"}],"version-history":[{"count":0,"href":"https:\/\/diarioregionaldigital.com.br\/index.php?rest_route=\/wp\/v2\/posts\/127640\/revisions"}],"wp:featuredmedia":[{"embeddable":true,"href":"https:\/\/diarioregionaldigital.com.br\/index.php?rest_route=\/wp\/v2\/media\/127641"}],"wp:attachment":[{"href":"https:\/\/diarioregionaldigital.com.br\/index.php?rest_route=%2Fwp%2Fv2%2Fmedia&parent=127640"}],"wp:term":[{"taxonomy":"category","embeddable":true,"href":"https:\/\/diarioregionaldigital.com.br\/index.php?rest_route=%2Fwp%2Fv2%2Fcategories&post=127640"},{"taxonomy":"post_tag","embeddable":true,"href":"https:\/\/diarioregionaldigital.com.br\/index.php?rest_route=%2Fwp%2Fv2%2Ftags&post=127640"}],"curies":[{"name":"wp","href":"https:\/\/api.w.org\/{rel}","templated":true}]}}