{"id":127633,"date":"2018-12-06T14:36:57","date_gmt":"2018-12-06T16:36:57","guid":{"rendered":"https:\/\/diarioregionaldigital.com.br\/?p=127633"},"modified":"2018-12-06T14:36:57","modified_gmt":"2018-12-06T16:36:57","slug":"plataforma-facilita-e-reconhece-trabalho-de-voluntarios-de-todo-o-pais","status":"publish","type":"post","link":"https:\/\/diarioregionaldigital.com.br\/?p=127633","title":{"rendered":"Plataforma facilita e reconhece trabalho de volunt\u00e1rios de todo o Pa\u00eds"},"content":{"rendered":"<p>O trabalho de volunt\u00e1rios de todo o mundo \u00e9 homenageado nessa quarta-feira, 5, Dia Internacional do Volunt\u00e1rio. No Brasil,\u00a0o\u00a0governo federal ressalta a import\u00e2ncia da data ao incentivar projetos de pessoas e organiza\u00e7\u00f5es que trabalham para promover mudan\u00e7as na sociedade por meio do\u00a0<a href=\"http:\/\/www4.planalto.gov.br\/vivavoluntario\/\" data-tippreview-enabled=\"false\" data-tippreview-image=\"\" data-tippreview-title=\"\">Programa Viva Volunt\u00e1rio<\/a>.\u00a0<span data-ccp-props=\"{&quot;201341983&quot;:0,&quot;335559739&quot;:160,&quot;335559740&quot;:259}\">\u00a0<\/span><\/p>\n<p>Criada em 2017, a iniciativa chega ao fim de 2018 com 238 projetos cadastrados na plataforma que promove o encontro entre pessoas\u00a0interessadas\u00a0em colaborar e a\u00e7\u00f5es que atuam em prol do desenvolvimento social. O programa tamb\u00e9m premia brasileiros\u00a0e entidades\u00a0que\u00a0se destacaram em a\u00e7\u00f5es de voluntariado.<span data-ccp-props=\"{&quot;201341983&quot;:0,&quot;335559739&quot;:160,&quot;335559740&quot;:259}\">\u00a0<\/span><\/p>\n<p>Na primeira edi\u00e7\u00e3o do pr\u00eamio, que ocorreu neste ano, o\u00a0<a href=\"http:\/\/www.iff.fiocruz.br\/index.php\/napec\" data-tippreview-enabled=\"false\" data-tippreview-image=\"\" data-tippreview-title=\"\">N\u00facleo de Apoio a Projetos Educacionais e Culturais (<\/a><a href=\"http:\/\/www.iff.fiocruz.br\/index.php\/napec\" data-tippreview-enabled=\"false\" data-tippreview-image=\"\" data-tippreview-title=\"\">Napec<\/a><a href=\"http:\/\/www.iff.fiocruz.br\/index.php\/napec\" data-tippreview-enabled=\"false\" data-tippreview-image=\"\" data-tippreview-title=\"\">)\u00a0<\/a>da Funda\u00e7\u00e3o Oswaldo Cruz recebeu o reconhecimento na Categoria Voluntariado no Setor P\u00fablico. Desde 2012, os volunt\u00e1rios desse projeto\u00a0promovem o tratamento humanizado de pacientes internados\u00a0nos Instituto Nacional de Sa\u00fade da Mulher, da Crian\u00e7a e do Adolescente Fernandes Figueira (IFF\/Fiocruz), no Rio de Janeiro.\u00a0<span data-ccp-props=\"{&quot;201341983&quot;:0,&quot;335559739&quot;:160,&quot;335559740&quot;:259}\">\u00a0<\/span><\/p>\n<p>Atualmente,\u00a0125\u00a0volunt\u00e1rios est\u00e3o\u00a0distribu\u00eddos em nove projetos. Um deles \u00e9 a professora aposentada Jurema Rangel. Toda semana, ela passa pelo menos duas horas e meia fazendo leitura de livros para crian\u00e7as que fazem tratamento no hospital. \u201cN\u00e3o \u00e9 s\u00f3 passar o tempo com essas crian\u00e7as, distra\u00ed-las. A leitura cria um h\u00e1bito e estimula essas crian\u00e7as no desenvolvimento emocional, afetivo. \u00c9 uma a\u00e7\u00e3o de forma\u00e7\u00e3o\u201d, diz.\u00a0<span data-ccp-props=\"{&quot;201341983&quot;:0,&quot;335559739&quot;:160,&quot;335559740&quot;:259}\">\u00a0<\/span><\/p>\n<p>O projeto ainda acompanha as crian\u00e7as e adolescentes na aus\u00eancia dos respons\u00e1veis e apoia as fam\u00edlias que frequentam o instituto por meio de campanhas de arrecada\u00e7\u00e3o. \u201cO trabalho volunt\u00e1rio traz esperan\u00e7a e alegria para o volunt\u00e1rio. E traz dignidade para quem\u00a0recebe\u201d, afirma a coordenadora geral da\u00a0Napec,\u00a0Maria Magdalena de Oliveira.<span data-ccp-props=\"{&quot;201341983&quot;:0,&quot;335559739&quot;:160,&quot;335559740&quot;:259}\">\u00a0<\/span><\/p>\n<h3>Plataforma\u00a0<span data-ccp-props=\"{&quot;201341983&quot;:0,&quot;335559739&quot;:160,&quot;335559740&quot;:259}\">\u00a0<\/span><\/h3>\n<p>Interessados em contribuir com o projeto volunt\u00e1rio podem se cadastrar na\u00a0<a href=\"https:\/\/vivavoluntario.org\/pt-BR\" data-tippreview-enabled=\"false\" data-tippreview-image=\"\" data-tippreview-title=\"\">Plataforma Viva Volunt\u00e1rio<\/a>. O processo \u00e9 simples: basta criar um perfil e depois\u00a0procurar\u00a0por a\u00e7\u00f5es que combinem com sua rotina e habilidades. \u00c9 poss\u00edvel se engajar em atividades pontuais, de longo prazo, presenciais e virtuais em diversas cidades brasileiras.\u00a0<span data-ccp-props=\"{&quot;201341983&quot;:0,&quot;335559739&quot;:160,&quot;335559740&quot;:259}\">\u00a0<\/span><\/p>\n<p><span data-ccp-props=\"{&quot;201341983&quot;:0,&quot;335559739&quot;:160,&quot;335559740&quot;:259}\">Fonte: Governo do Brasil, com informa\u00e7\u00f5es do\u00a0<a href=\"http:\/\/www4.planalto.gov.br\/vivavoluntario\/\" data-tippreview-enabled=\"false\" data-tippreview-image=\"\" data-tippreview-title=\"\">Viva Volunt\u00e1rio<\/a>\u00a0e do\u00a0<a href=\"http:\/\/www.iff.fiocruz.br\/index.php\/napec\" data-tippreview-enabled=\"false\" data-tippreview-image=\"\" data-tippreview-title=\"\">Napec<\/a><\/span><\/p>\n","protected":false},"excerpt":{"rendered":"<p>O trabalho de volunt\u00e1rios de todo o mundo \u00e9 homenageado nessa quarta-feira, 5, Dia Internacional do Volunt\u00e1rio. No Brasil,\u00a0o\u00a0governo federal ressalta a import\u00e2ncia da data ao incentivar projetos de pessoas e organiza\u00e7\u00f5es que trabalham para promover mudan\u00e7as na sociedade por meio do\u00a0Programa Viva Volunt\u00e1rio.\u00a0\u00a0 Criada em 2017, a iniciativa chega ao fim de 2018 com [&hellip;]<\/p>\n","protected":false},"author":96,"featured_media":127634,"comment_status":"closed","ping_status":"closed","sticky":false,"template":"","format":"standard","meta":{"footnotes":""},"categories":[302,436,439],"tags":[],"class_list":["post-127633","post","type-post","status-publish","format-standard","has-post-thumbnail","hentry","category-brasil-mundo","category-destaque-da-semana","category-ultima-hora"],"_links":{"self":[{"href":"https:\/\/diarioregionaldigital.com.br\/index.php?rest_route=\/wp\/v2\/posts\/127633","targetHints":{"allow":["GET"]}}],"collection":[{"href":"https:\/\/diarioregionaldigital.com.br\/index.php?rest_route=\/wp\/v2\/posts"}],"about":[{"href":"https:\/\/diarioregionaldigital.com.br\/index.php?rest_route=\/wp\/v2\/types\/post"}],"author":[{"embeddable":true,"href":"https:\/\/diarioregionaldigital.com.br\/index.php?rest_route=\/wp\/v2\/users\/96"}],"replies":[{"embeddable":true,"href":"https:\/\/diarioregionaldigital.com.br\/index.php?rest_route=%2Fwp%2Fv2%2Fcomments&post=127633"}],"version-history":[{"count":0,"href":"https:\/\/diarioregionaldigital.com.br\/index.php?rest_route=\/wp\/v2\/posts\/127633\/revisions"}],"wp:featuredmedia":[{"embeddable":true,"href":"https:\/\/diarioregionaldigital.com.br\/index.php?rest_route=\/wp\/v2\/media\/127634"}],"wp:attachment":[{"href":"https:\/\/diarioregionaldigital.com.br\/index.php?rest_route=%2Fwp%2Fv2%2Fmedia&parent=127633"}],"wp:term":[{"taxonomy":"category","embeddable":true,"href":"https:\/\/diarioregionaldigital.com.br\/index.php?rest_route=%2Fwp%2Fv2%2Fcategories&post=127633"},{"taxonomy":"post_tag","embeddable":true,"href":"https:\/\/diarioregionaldigital.com.br\/index.php?rest_route=%2Fwp%2Fv2%2Ftags&post=127633"}],"curies":[{"name":"wp","href":"https:\/\/api.w.org\/{rel}","templated":true}]}}