{"id":127628,"date":"2018-12-09T06:00:49","date_gmt":"2018-12-09T08:00:49","guid":{"rendered":"https:\/\/diarioregionaldigital.com.br\/?p=127628"},"modified":"2018-12-06T14:26:49","modified_gmt":"2018-12-06T16:26:49","slug":"paim-lamenta-aumento-da-pobreza-no-pais","status":"publish","type":"post","link":"https:\/\/diarioregionaldigital.com.br\/?p=127628","title":{"rendered":"Paim lamenta aumento da pobreza no pa\u00eds"},"content":{"rendered":"<p>Em pronunciamento oficial o senador Paulo Paim (PT-RS) lamentou o aumento da pobreza no pa\u00eds. De acordo com pesquisa divulgada do Instituto Brasileiro de Geografia e Estat\u00edstica (IBGE), mais 2 milh\u00f5es de pessoas passaram a viver nessa situa\u00e7\u00e3o no Brasil em 2017.<\/p>\n<p>Segundo o IBGE, em 2016 havia no pa\u00eds 52,8 milh\u00f5es de pessoas em situa\u00e7\u00e3o de pobreza. Este contingente aumentou para 54,8 milh\u00f5es em 2017, um crescimento de quase 4%. O n\u00famero representa 26,5% da popula\u00e7\u00e3o do pa\u00eds, estimada em 207 milh\u00f5es em 2017. Em 2016, o percentual era de 25,7%. J\u00e1 a popula\u00e7\u00e3o na condi\u00e7\u00e3o de pobreza extrema aumentou em 13%, saltando de 13,5 milh\u00f5es para 15,3 milh\u00f5es no mesmo per\u00edodo.<\/p>\n<p>\u00c9 considerada em situa\u00e7\u00e3o de extrema pobreza quem disp\u00f5e de menos de US$1,90 por dia, o que equivale a aproximadamente R$140 por m\u00eas. J\u00e1 a linha de pobreza \u00e9 de rendimento individual inferior a US$5,5 por dia, o que corresponde a cerca de R$406 por m\u00eas.<\/p>\n<p>Paim disse que a not\u00edcia o deixou envergonhado. Para ele, o aumento da pobreza \u00e9 resultado da incapacidade do Estado de estimular a cria\u00e7\u00e3o de empregos e da redu\u00e7\u00e3o dos programas de transfer\u00eancia de renda como o Bolsa-fam\u00edlia durante o governo Temer:<\/p>\n<p>\u2014 A democracia brasileira para se consolidar precisa ser fortalecida todos os dias. N\u00e3o alcan\u00e7amos sua plenitude se a pobreza e a fome pintarem com cores vivas \u2014 disse.<\/p>\n<p>&nbsp;<\/p>\n<p>Fonte: Ag\u00eancia Senado<\/p>\n","protected":false},"excerpt":{"rendered":"<p>Em pronunciamento oficial o senador Paulo Paim (PT-RS) lamentou o aumento da pobreza no pa\u00eds. De acordo com pesquisa divulgada do Instituto Brasileiro de Geografia e Estat\u00edstica (IBGE), mais 2 milh\u00f5es de pessoas passaram a viver nessa situa\u00e7\u00e3o no Brasil em 2017. Segundo o IBGE, em 2016 havia no pa\u00eds 52,8 milh\u00f5es de pessoas em [&hellip;]<\/p>\n","protected":false},"author":96,"featured_media":127630,"comment_status":"closed","ping_status":"closed","sticky":false,"template":"","format":"standard","meta":{"footnotes":""},"categories":[436,254,439],"tags":[],"class_list":["post-127628","post","type-post","status-publish","format-standard","has-post-thumbnail","hentry","category-destaque-da-semana","category-politica","category-ultima-hora"],"_links":{"self":[{"href":"https:\/\/diarioregionaldigital.com.br\/index.php?rest_route=\/wp\/v2\/posts\/127628","targetHints":{"allow":["GET"]}}],"collection":[{"href":"https:\/\/diarioregionaldigital.com.br\/index.php?rest_route=\/wp\/v2\/posts"}],"about":[{"href":"https:\/\/diarioregionaldigital.com.br\/index.php?rest_route=\/wp\/v2\/types\/post"}],"author":[{"embeddable":true,"href":"https:\/\/diarioregionaldigital.com.br\/index.php?rest_route=\/wp\/v2\/users\/96"}],"replies":[{"embeddable":true,"href":"https:\/\/diarioregionaldigital.com.br\/index.php?rest_route=%2Fwp%2Fv2%2Fcomments&post=127628"}],"version-history":[{"count":0,"href":"https:\/\/diarioregionaldigital.com.br\/index.php?rest_route=\/wp\/v2\/posts\/127628\/revisions"}],"wp:featuredmedia":[{"embeddable":true,"href":"https:\/\/diarioregionaldigital.com.br\/index.php?rest_route=\/wp\/v2\/media\/127630"}],"wp:attachment":[{"href":"https:\/\/diarioregionaldigital.com.br\/index.php?rest_route=%2Fwp%2Fv2%2Fmedia&parent=127628"}],"wp:term":[{"taxonomy":"category","embeddable":true,"href":"https:\/\/diarioregionaldigital.com.br\/index.php?rest_route=%2Fwp%2Fv2%2Fcategories&post=127628"},{"taxonomy":"post_tag","embeddable":true,"href":"https:\/\/diarioregionaldigital.com.br\/index.php?rest_route=%2Fwp%2Fv2%2Ftags&post=127628"}],"curies":[{"name":"wp","href":"https:\/\/api.w.org\/{rel}","templated":true}]}}