{"id":127622,"date":"2018-12-09T06:00:18","date_gmt":"2018-12-09T08:00:18","guid":{"rendered":"https:\/\/diarioregionaldigital.com.br\/?p=127622"},"modified":"2020-09-07T15:19:30","modified_gmt":"2020-09-07T18:19:30","slug":"a-bolha-do-liberalismo","status":"publish","type":"post","link":"https:\/\/diarioregionaldigital.com.br\/?p=127622","title":{"rendered":"A BOLHA DO LIBERALISMO"},"content":{"rendered":"<p>N\u00e3o h\u00e1 como dissociar as quest\u00f5es pol\u00edticas das que s\u00e3o predominantemente econ\u00f4micas, quando se pretende achar um denominador comum para a solu\u00e7\u00e3o de um problema universal: garantir aos indiv\u00edduos o direito ao bem-estar social. A afirma\u00e7\u00e3o se deve ao que est\u00e1 ocorrendo atualmente em rela\u00e7\u00e3o ao liberalismo, que surgiu em meados do s\u00e9culo XIX, trazendo conceitos importantes para regular as economias mundiais, como livre mercado, liberdade religiosa, estado laico, propriedade privada e liberdades civis. Ap\u00f3s o seu advento, e com o passar dos anos, houve o fortalecimento do Estado de Direito que possibilitou \u00e0 humanidade a eleva\u00e7\u00e3o da expectativa de vida e a redu\u00e7\u00e3o da pobreza.<\/p>\n<p>Estamos agora no S\u00e9culo XXI, e a realidade hoje \u00e9 completamente diferente. Contra o que se convencionou chamar de \u201celites liberais\u201d, est\u00e3o se levantando no mundo vozes que acusam o liberalismo de n\u00e3o atender \u00e0s demandas sociais das classes menos favorecidas. Esse fen\u00f4meno foi detectado pela revista The Economist, publica\u00e7\u00e3o brit\u00e2nica, que tamb\u00e9m revela quais os motivos das cr\u00edticas aos liberais. Segundo os especialistas contr\u00e1rios \u00e0 ideologia econ\u00f4mica, houve acomoda\u00e7\u00e3o no poder e, ao mesmo tempo, perda de vontade de promover as reformas necess\u00e1rias para a remodela\u00e7\u00e3o desta doutrina pol\u00edtico-econ\u00f4mica. Lembramos que o liberalismo aposta no progresso da humanidade a partir da livre concorr\u00eancia das for\u00e7as sociais.<\/p>\n<p>A ampla defesa da meritocracia, um dos principais sustent\u00e1culos do ideal liberal, est\u00e1 perdendo terreno, o que enfraquece as principais orienta\u00e7\u00f5es pol\u00edticas que antes eram a prova do vigor desse sistema. A consequ\u00eancia \u00e9 o surgimento de lideran\u00e7as populistas que se prop\u00f5em a ser os \u201csalvadores da p\u00e1tria\u201d e investem em pol\u00edticas sem nenhuma estrutura, com resultados imediatos que parecem produtivos, mas s\u00e3o, na verdade, falsos e enganadores. Os custos para o conserto dos estragos s\u00e3o altos e nocivos \u00e0 economia.<\/p>\n<p>Aqui no Brasil tivemos uma experi\u00eancia com o chamado neoliberalismo, de 1994 a 2002, que ficou marcada pela redu\u00e7\u00e3o de investimentos p\u00fablicos e pelas privatiza\u00e7\u00f5es. O Estado passou a ter o papel de regulador do mercado, foi lan\u00e7ado o Plano Real (que acabou com a infla\u00e7\u00e3o e estabilizou a economia) e houve a abertura do mercado nacional ao capital estrangeiro. At\u00e9 hoje o pa\u00eds convive com as mudan\u00e7as introduzidas durante os oito anos da gest\u00e3o de governo do PSDB.<\/p>\n<p>Algumas medidas tomadas recentemente pelo atual governo brasileiro, como o projeto que imp\u00f5e teto para gastos p\u00fablicos e a reforma trabalhista, que estariam dentro do esp\u00edrito do liberalismo, pois podem evitar a fal\u00eancia econ\u00f4mica do estado, s\u00e3o amplamente criticadas por diversos segmentos da sociedade brasileira. A reforma da Previd\u00eancia, outro projeto que os liberais consideram de suma import\u00e2ncia, at\u00e9 hoje provoca d\u00favidas e pol\u00eamicas.<\/p>\n<p>O grande desafio que o liberalismo precisa enfrentar atualmente \u00e9 entender as grandes mudan\u00e7as que est\u00e3o sendo processadas no mundo moderno. S\u00e3o necess\u00e1rias reformas urgentes que garantam a ordem p\u00fablica e fortale\u00e7am as democracias, fazendo com que o estado cumpra o seu papel e atue de forma eficiente, permitindo que a prosperidade seja alcan\u00e7ada por todos. O Brasil precisa ficar atento ao que ocorre no mundo, pois h\u00e1 tempos se reclama da excessiva participa\u00e7\u00e3o dos estados nos diversos setores da economia. Al\u00e9m disso, precisa ser avaliada essa grande depend\u00eancia do cidad\u00e3o, que vive amparado por uma ampla pol\u00edtica de concess\u00e3o de direitos, incentivos e privil\u00e9gios. O pre\u00e7o dessa pol\u00edtica \u00e9 muito alto para o pa\u00eds.<\/p>\n<p>&nbsp;<\/p>\n","protected":false},"excerpt":{"rendered":"<p>N\u00e3o h\u00e1 como dissociar as quest\u00f5es pol\u00edticas das que s\u00e3o predominantemente econ\u00f4micas, quando se pretende achar um denominador comum para a solu\u00e7\u00e3o de um problema universal: garantir aos indiv\u00edduos o direito ao bem-estar social. A afirma\u00e7\u00e3o se deve ao que est\u00e1 ocorrendo atualmente em rela\u00e7\u00e3o ao liberalismo, que surgiu em meados do s\u00e9culo XIX, trazendo [&hellip;]<\/p>\n","protected":false},"author":96,"featured_media":96753,"comment_status":"closed","ping_status":"closed","sticky":false,"template":"","format":"standard","meta":{"footnotes":""},"categories":[275,435],"tags":[],"class_list":["post-127622","post","type-post","status-publish","format-standard","has-post-thumbnail","hentry","category-arnaldo-niskier","category-colunas"],"_links":{"self":[{"href":"https:\/\/diarioregionaldigital.com.br\/index.php?rest_route=\/wp\/v2\/posts\/127622","targetHints":{"allow":["GET"]}}],"collection":[{"href":"https:\/\/diarioregionaldigital.com.br\/index.php?rest_route=\/wp\/v2\/posts"}],"about":[{"href":"https:\/\/diarioregionaldigital.com.br\/index.php?rest_route=\/wp\/v2\/types\/post"}],"author":[{"embeddable":true,"href":"https:\/\/diarioregionaldigital.com.br\/index.php?rest_route=\/wp\/v2\/users\/96"}],"replies":[{"embeddable":true,"href":"https:\/\/diarioregionaldigital.com.br\/index.php?rest_route=%2Fwp%2Fv2%2Fcomments&post=127622"}],"version-history":[{"count":0,"href":"https:\/\/diarioregionaldigital.com.br\/index.php?rest_route=\/wp\/v2\/posts\/127622\/revisions"}],"wp:featuredmedia":[{"embeddable":true,"href":"https:\/\/diarioregionaldigital.com.br\/index.php?rest_route=\/wp\/v2\/media\/96753"}],"wp:attachment":[{"href":"https:\/\/diarioregionaldigital.com.br\/index.php?rest_route=%2Fwp%2Fv2%2Fmedia&parent=127622"}],"wp:term":[{"taxonomy":"category","embeddable":true,"href":"https:\/\/diarioregionaldigital.com.br\/index.php?rest_route=%2Fwp%2Fv2%2Fcategories&post=127622"},{"taxonomy":"post_tag","embeddable":true,"href":"https:\/\/diarioregionaldigital.com.br\/index.php?rest_route=%2Fwp%2Fv2%2Ftags&post=127622"}],"curies":[{"name":"wp","href":"https:\/\/api.w.org\/{rel}","templated":true}]}}