{"id":127620,"date":"2018-12-09T06:00:04","date_gmt":"2018-12-09T08:00:04","guid":{"rendered":"https:\/\/diarioregionaldigital.com.br\/?p=127620"},"modified":"2018-12-06T14:18:49","modified_gmt":"2018-12-06T16:18:49","slug":"barulho-2","status":"publish","type":"post","link":"https:\/\/diarioregionaldigital.com.br\/?p=127620","title":{"rendered":"Barulho&#8230;"},"content":{"rendered":"<p>Conforme temos focalizados em nossos artigos estamos desenvolvendo os assuntos mais comentados pelos nossos amigos e leitores.<\/p>\n<p>N\u00e3o h\u00e1 d\u00favidas que a grande mazela nos condom\u00ednios est\u00e1 o barulho. E todos sabem e a \u201cOMS\u201d considerar o barulho como um grande pesadelo para quem mora principalmente em grandes cidades, sendo suas maiores v\u00edtimas as pessoas que residem nos chamados condom\u00ednios, devido aos ru\u00eddos externos, pelos ve\u00edculos e transeuntes, como internamente, por entenderem que o condom\u00ednio \u00e9 a sua unidade e nada mais, n\u00e3o se esquecendo da falta de limites e de tamb\u00e9m pela fragilidade do material de constru\u00e7\u00e3o, que facilita a propaga\u00e7\u00e3o do som.<\/p>\n<p>Embora todas as pessoas t\u00eam conhecimentos, vamos repetir o que a organiza\u00e7\u00e3o mundial de sa\u00fade apresenta como malef\u00edcios que o barulho causa a sa\u00fade. \u00c9 fato comprovado pela ci\u00eancia medica que ru\u00eddos excessivos provocam perturba\u00e7\u00e3o da sa\u00fade mental. Al\u00e9m do que polui\u00e7\u00e3o sonora ofende o meio ambiente, e por consequ\u00eancia afeta o interesse difuso e coletivo, na medida em que os n\u00edveis excessivos de sons e ru\u00eddos causam deteriora\u00e7\u00e3o na qualidade de vida, a rela\u00e7\u00e3o entre as pessoas, sobretudo quando acima dos limites suport\u00e1veis pelo ouvido humano ou prejudiciais ao repouso noturno (sono) ou sossego p\u00fablico, principalmente nos grandes centros urbanos. (Rosana Jane Magrini, Polui\u00e7\u00e3o sonora e Lei do Silencio, Revista Jur\u00eddica, Porto Alegre N\u00ba216, 1995).<\/p>\n<p>Nossas atua\u00e7\u00f5es como visitante convidado, como consultor e como s\u00edndico, em mais de tr\u00eas centenas de condom\u00ednios, observamos que ideal conviv\u00eancia entre moradores de um edif\u00edcio, sejam eles cond\u00f4minos ou n\u00e3o \u00e9 perfeita conviv\u00eancia como deveria, mas, \u00e9 fato que a gest\u00e3o condominial precisa ser de qualidade onde haja comunica\u00e7\u00e3o e assembleia produtivas com informa\u00e7\u00f5es dos problemas, onde para san\u00e1-los precisa do colabora\u00e7\u00e3o de todos onde hoje toda \u00e9 qualquer gest\u00e3o precisa ser compartilhada pelos que comp\u00f5e a comunidade em que vivem. Levando as pessoas a terem a boa vontade e que precisam fazer esfor\u00e7os, a viver e conviver respeitando uns aos outros, com parceiros que dividem as despesas e como tal precisam valorizar seus patrim\u00f4nios, onde todos s\u00e3o respons\u00e1veis por estes resultados, mas para que isso aconte\u00e7a todos precisam respeitar seus pares e que exemplo a gest\u00e3o que respeita as leis e aos seus cond\u00f4minos, partindo do que diz a constitui\u00e7\u00e3o brasileira: \u201cTodos s\u00e3o iguais perante a lei, sem distin\u00e7\u00e3o de qualquer natureza, garantindo-se aos brasileiros e aos estrangeiros residentes no pais e inviolabilidade do direito \u00e0 vida, a liberdade, a igualdade, a seguran\u00e7a e a propriedade&#8230;\u201d Da\u00ed o fator barulho \u00e9 um grande gerador de conflitos entre vizinhos, pela sua complexidade, deve ser tratado com sinceridade e bastante cautela, pois o grande respons\u00e1vel \u00e9 o s\u00edndico, que pode ser punido a pagar danos aos que se verem prejudicados dentro do que prev\u00ea as leis (art. 1277 da Lei 10.406\/02). Recomendo aos s\u00edndicos busque conhecimento sobre gest\u00e3o condominial.<\/p>\n<p>Obrigado, continuem comunicando conosco atrav\u00e9s do e-mail: tirandotodasduvidas@gmail.com e fale com o consultor Fl\u00e1vio Almeida Chaves Pereira.<\/p>\n<p>At\u00e9 o pr\u00f3ximo.<\/p>\n","protected":false},"excerpt":{"rendered":"<p>Conforme temos focalizados em nossos artigos estamos desenvolvendo os assuntos mais comentados pelos nossos amigos e leitores. N\u00e3o h\u00e1 d\u00favidas que a grande mazela nos condom\u00ednios est\u00e1 o barulho. E todos sabem e a \u201cOMS\u201d considerar o barulho como um grande pesadelo para quem mora principalmente em grandes cidades, sendo suas maiores v\u00edtimas as pessoas [&hellip;]<\/p>\n","protected":false},"author":96,"featured_media":97691,"comment_status":"closed","ping_status":"closed","sticky":false,"template":"","format":"standard","meta":{"footnotes":""},"categories":[435,297],"tags":[],"class_list":["post-127620","post","type-post","status-publish","format-standard","has-post-thumbnail","hentry","category-colunas","category-jose-maria-braz-pereira"],"_links":{"self":[{"href":"https:\/\/diarioregionaldigital.com.br\/index.php?rest_route=\/wp\/v2\/posts\/127620","targetHints":{"allow":["GET"]}}],"collection":[{"href":"https:\/\/diarioregionaldigital.com.br\/index.php?rest_route=\/wp\/v2\/posts"}],"about":[{"href":"https:\/\/diarioregionaldigital.com.br\/index.php?rest_route=\/wp\/v2\/types\/post"}],"author":[{"embeddable":true,"href":"https:\/\/diarioregionaldigital.com.br\/index.php?rest_route=\/wp\/v2\/users\/96"}],"replies":[{"embeddable":true,"href":"https:\/\/diarioregionaldigital.com.br\/index.php?rest_route=%2Fwp%2Fv2%2Fcomments&post=127620"}],"version-history":[{"count":0,"href":"https:\/\/diarioregionaldigital.com.br\/index.php?rest_route=\/wp\/v2\/posts\/127620\/revisions"}],"wp:featuredmedia":[{"embeddable":true,"href":"https:\/\/diarioregionaldigital.com.br\/index.php?rest_route=\/wp\/v2\/media\/97691"}],"wp:attachment":[{"href":"https:\/\/diarioregionaldigital.com.br\/index.php?rest_route=%2Fwp%2Fv2%2Fmedia&parent=127620"}],"wp:term":[{"taxonomy":"category","embeddable":true,"href":"https:\/\/diarioregionaldigital.com.br\/index.php?rest_route=%2Fwp%2Fv2%2Fcategories&post=127620"},{"taxonomy":"post_tag","embeddable":true,"href":"https:\/\/diarioregionaldigital.com.br\/index.php?rest_route=%2Fwp%2Fv2%2Ftags&post=127620"}],"curies":[{"name":"wp","href":"https:\/\/api.w.org\/{rel}","templated":true}]}}