{"id":127616,"date":"2018-12-09T06:00:47","date_gmt":"2018-12-09T08:00:47","guid":{"rendered":"https:\/\/diarioregionaldigital.com.br\/?p=127616"},"modified":"2018-12-06T14:16:33","modified_gmt":"2018-12-06T16:16:33","slug":"a-essencia-de-tudo-e-o-verbo-palavra-3","status":"publish","type":"post","link":"https:\/\/diarioregionaldigital.com.br\/?p=127616","title":{"rendered":"A ESS\u00caNCIA DE TUDO \u00c9 O VERBO (PALAVRA)"},"content":{"rendered":"<p>Como acontece todos os domingos, estamos divulgando mais mensagens que foram compiladas do livro \u201c<strong><em>Ensinamento da Verdade para Jovens Vol. 2<\/em><\/strong>\u201d, do grande mestre Masaharu Taniguchi. O leitor deve ler com aten\u00e7\u00e3o e tirar suas pr\u00f3prias conclus\u00f5es.<\/p>\n<p>&#8220;No princ\u00edpio existia o Verbo (palavra).&#8221; &#8220;Princ\u00edpio&#8221; aqui significa o in\u00edcio de tudo, a origem de tudo. O Verbo cria todas as coisas. Em japon\u00eas, o verbo que significa &#8220;formar-se&#8221; ou &#8220;completar-se&#8221; \u00e9 naru, que tem rela\u00e7\u00e3o com outro verbo, que significa &#8220;soar&#8221; ou &#8220;vibrar&#8221; e que tamb\u00e9m se pronuncia naru (embora o ideograma seja diferente). Podemos, pois, inferir que as &#8220;vibra\u00e7\u00f5es da palavra&#8221; d\u00e3o origem \u00e0 manifesta\u00e7\u00e3o de formas concretas que podemos captar com os olhos f\u00edsicos.<\/p>\n<p>Exemplifiquemos o fato tomando como base uma x\u00edcara de ch\u00e1. Se eu disser que ela surgiu pela concretiza\u00e7\u00e3o das vibra\u00e7\u00f5es da palavra, haver\u00e1 quem conteste: &#8220;A x\u00edcara foi feita de argila apropriada para cer\u00e2mica&#8221;. Mas \u00e9 verdade que ela foi feita pelo poder da palavra. Normalmente pensamos que &#8220;palavra&#8221; seja apenas a que exprimimos oralmente, mas na B\u00edblia consta que &#8220;No princ\u00edpio existia o Verbo (palavra)&#8221;. Que significa esta frase?<\/p>\n<p>O Verbo (palavra) existia antes da cria\u00e7\u00e3o do mundo, quando ainda n\u00e3o havia a Terra, nem o Sol, nem qualquer outro corpo celeste. Ele \u00e9 o princ\u00edpio que existia antes de tudo, na ess\u00eancia do Universo. Portanto, n\u00e3o \u00e9 a palavra proferida pela boca humana, mas uma for\u00e7a misteriosa imanente no Universo que podemos chamar de Deus, ou Grande Vida. E essa for\u00e7a misteriosa, essa Vida suprema e maravilhosa imanente no Universo, emitiu vibra\u00e7\u00f5es como as ondas de r\u00e1dio. A essas vibra\u00e7\u00f5es da Vida damos o nome de &#8220;palavra&#8221;. O mesmo acontece conosco: quando pronunciamos palavras, estamos emitindo vibra\u00e7\u00f5es da Vida. As vibra\u00e7\u00f5es da Vida n\u00e3o precisam necessariamente passar pelo aparelho fonador. Mesmo ao serem emitidas mentalmente, constituem palavras. Suponhamos que algu\u00e9m pense em participar da festa do Dia do Trabalho. Mesmo que nada diga, em sua mente forma-se este pensamento, ou seja, ocorre a vibra\u00e7\u00e3o da palavra dentro da mente. A palavra \u00e9 uma onda vibrat\u00f3ria da mente.<\/p>\n<p>&#8220;No princ\u00edpio existia o Verbo (palavra), e o Verbo (palavra) estava com Deus, e o Verbo (palavra) era Deus.&#8221; O Verbo (palavra) \u00e9 a Vida suprema que existia no Universo desde o princ\u00edpio, quando ainda n\u00e3o havia a Terra, nem o Sol, nem qualquer outro corpo celeste. Essa Vida suprema emitiu ondas vibrat\u00f3rias, que se propagaram tais quais ondas eletromagn\u00e9ticas e possibilitaram a materializa\u00e7\u00e3o de elementos. Dessa maneira, gradativamente, formou-se o Universo. Portanto, o Sol, a Terra, os astros, tudo \u00e9 materializa\u00e7\u00e3o das palavras de Deus \u2013 das vibra\u00e7\u00f5es da Vida. Vibra\u00e7\u00f5es da Vida s\u00e3o vibra\u00e7\u00f5es da mente.<\/p>\n<p>N\u00e3o s\u00f3 o Sol, a Terra e outros corpos celestes, mas tamb\u00e9m todas as coisas s\u00e3o materializa\u00e7\u00f5es das vibra\u00e7\u00f5es mentais: podemos citar, como exemplo, a x\u00edcara: o ceramista desenhou mentalmente um objeto que facilitasse o uso de tomar ch\u00e1. Ele pensou &#8220;vou idealizar uma forma conveniente&#8221;; ent\u00e3o as suas vibra\u00e7\u00f5es mentais, ou seja, as palavras, concretizaram-se em forma de x\u00edcara. Tudo que existe \u00e9 formado pela concretiza\u00e7\u00e3o de ondas mentais.<\/p>\n<p>&nbsp;<\/p>\n<p><span style=\"font-size: 14pt;\"><strong>No lar Tamb\u00e9m surge harmonia ou Desarmonia dependendo do uso da palavra<\/strong><\/span><\/p>\n<p>O processo \u00e9 o mesmo tamb\u00e9m na briga conjugal. Se um homem e uma mulher se casaram, \u00e9 porque seamavam; ningu\u00e9m se casa com uma pessoa por quem sente antipatia. Mas, mesmo que um homem e uma mulher tenha se casado por amor, se todos os dias ficarem proferindo palavras \u00e1speras um para outro, o relacionamento se deteriorar\u00e1 rapidamente e acabar\u00e1 em div\u00f3rcio. \u00c9 o resultado do poder das palavras negativas.<\/p>\n","protected":false},"excerpt":{"rendered":"<p>Como acontece todos os domingos, estamos divulgando mais mensagens que foram compiladas do livro \u201cEnsinamento da Verdade para Jovens Vol. 2\u201d, do grande mestre Masaharu Taniguchi. O leitor deve ler com aten\u00e7\u00e3o e tirar suas pr\u00f3prias conclus\u00f5es. &#8220;No princ\u00edpio existia o Verbo (palavra).&#8221; &#8220;Princ\u00edpio&#8221; aqui significa o in\u00edcio de tudo, a origem de tudo. O [&hellip;]<\/p>\n","protected":false},"author":96,"featured_media":96752,"comment_status":"closed","ping_status":"closed","sticky":false,"template":"","format":"standard","meta":{"footnotes":""},"categories":[435,263],"tags":[],"class_list":["post-127616","post","type-post","status-publish","format-standard","has-post-thumbnail","hentry","category-colunas","category-jane-aragao"],"_links":{"self":[{"href":"https:\/\/diarioregionaldigital.com.br\/index.php?rest_route=\/wp\/v2\/posts\/127616","targetHints":{"allow":["GET"]}}],"collection":[{"href":"https:\/\/diarioregionaldigital.com.br\/index.php?rest_route=\/wp\/v2\/posts"}],"about":[{"href":"https:\/\/diarioregionaldigital.com.br\/index.php?rest_route=\/wp\/v2\/types\/post"}],"author":[{"embeddable":true,"href":"https:\/\/diarioregionaldigital.com.br\/index.php?rest_route=\/wp\/v2\/users\/96"}],"replies":[{"embeddable":true,"href":"https:\/\/diarioregionaldigital.com.br\/index.php?rest_route=%2Fwp%2Fv2%2Fcomments&post=127616"}],"version-history":[{"count":0,"href":"https:\/\/diarioregionaldigital.com.br\/index.php?rest_route=\/wp\/v2\/posts\/127616\/revisions"}],"wp:featuredmedia":[{"embeddable":true,"href":"https:\/\/diarioregionaldigital.com.br\/index.php?rest_route=\/wp\/v2\/media\/96752"}],"wp:attachment":[{"href":"https:\/\/diarioregionaldigital.com.br\/index.php?rest_route=%2Fwp%2Fv2%2Fmedia&parent=127616"}],"wp:term":[{"taxonomy":"category","embeddable":true,"href":"https:\/\/diarioregionaldigital.com.br\/index.php?rest_route=%2Fwp%2Fv2%2Fcategories&post=127616"},{"taxonomy":"post_tag","embeddable":true,"href":"https:\/\/diarioregionaldigital.com.br\/index.php?rest_route=%2Fwp%2Fv2%2Ftags&post=127616"}],"curies":[{"name":"wp","href":"https:\/\/api.w.org\/{rel}","templated":true}]}}