{"id":127610,"date":"2018-12-09T06:00:14","date_gmt":"2018-12-09T08:00:14","guid":{"rendered":"https:\/\/diarioregionaldigital.com.br\/?p=127610"},"modified":"2018-12-06T14:05:12","modified_gmt":"2018-12-06T16:05:12","slug":"porto-seguro-conheca-as-praias-mais-bonitas-que-voce-precisa-conhecer","status":"publish","type":"post","link":"https:\/\/diarioregionaldigital.com.br\/?p=127610","title":{"rendered":"Porto Seguro: Conhe\u00e7a as praias mais bonitas que voc\u00ea precisa conhecer"},"content":{"rendered":"<p>Ao sul, com mais de 500 anos de hist\u00f3ria, a Costa do Descobrimento na Bahia abriga a m\u00e1gica cidade de Porto Seguro, sem d\u00favida um consagrado destino tur\u00edstico internacional, com suas badaladas praias, uma alegria contagiante noite e dia e uma grande variedade de op\u00e7\u00f5es para hospedagem e alimenta\u00e7\u00e3o de alto n\u00edvel. S\u00e3o Imperd\u00edveis os passeios \u00e0s praias de Arraial d\u2019Ajuda e Troncoso, ao sul e Santo Andr\u00e9, ao norte. S\u00edtio do Patrim\u00f4nio Mundial Natural, declarado pela Unesco para proteger um total de 225 km\u00b2\u00a0 de mata atl\u00e2ntica, a Costa do Descobrimento \u00e9 considerada uma das poucas paisagens brasileiras que se mant\u00eam quase inalteradas h\u00e1 mais de 500 anos.<\/p>\n<p>Porto Seguro \u00e9 o primeiro destino tur\u00edstico do Pa\u00eds. Foi ali que a esquadra de Pedro \u00c1lvares Cabral chegou em 1500, ao descobrir o Brasil. Desde ent\u00e3o, a regi\u00e3o recebe visitantes do mundo todo, de todas as idades. Mesmo assim preserva tribos de \u00edndios patax\u00f3s, que mostram sua influ\u00eancia por meio do artesanato e da culin\u00e1ria. Tamb\u00e9m mant\u00e9m viva as tradi\u00e7\u00f5es folcl\u00f3ricas, como os bailes pastoris e as festas do Dia de Reis, do dia de S\u00e3o Cosme e S\u00e3o Dami\u00e3o e do Dia de Nossa Senhora da Pena, padroeira da cidade. Essas celebra\u00e7\u00f5es evidenciam a voca\u00e7\u00e3o festeira que sempre fez parte da cultura local.<\/p>\n<p>Nos seus 150 km de litoral deslumbrante encontramos praias, enseadas, ba\u00edas, fal\u00e9sias, rios, manguezais, coqueirais e a mata atl\u00e2ntica. As op\u00e7\u00f5es para o turista s\u00e3o muitas: passeios pela natureza, esportes n\u00e1uticos, caminhadas, cavalgadas, surfe ou mergulho.<\/p>\n<div id=\"attachment_127612\" style=\"width: 457px\" class=\"wp-caption aligncenter\"><img loading=\"lazy\" decoding=\"async\" aria-describedby=\"caption-attachment-127612\" class=\" wp-image-127612\" src=\"https:\/\/diarioregionaldigital.com.br\/wp-content\/uploads\/2018\/12\/foto-02-1-300x225.jpg\" alt=\"\" width=\"447\" height=\"335\" srcset=\"https:\/\/diarioregionaldigital.com.br\/wp-content\/uploads\/2018\/12\/foto-02-1-300x225.jpg 300w, https:\/\/diarioregionaldigital.com.br\/wp-content\/uploads\/2018\/12\/foto-02-1-768x576.jpg 768w, https:\/\/diarioregionaldigital.com.br\/wp-content\/uploads\/2018\/12\/foto-02-1.jpg 1024w, https:\/\/diarioregionaldigital.com.br\/wp-content\/uploads\/2018\/12\/foto-02-1-360x270.jpg 360w\" sizes=\"auto, (max-width: 447px) 100vw, 447px\" \/><p id=\"caption-attachment-127612\" class=\"wp-caption-text\">A primeira entre as praias mais lindas do Brasil \u00e9 a Praia do Espelho, conhecida pela sua exuber\u00e2ncia e suas piscinas naturais. Foto: Divulga\u00e7\u00e3o<\/p><\/div>\n<p>A visita ao s\u00edtio hist\u00f3rico da cidade alta deixa os visitantes bem perto da rica hist\u00f3ria do Brasil. L\u00e1 est\u00e3o o Marco do Descobrimento, a Casa de C\u00e2mara e Cadeira e tr\u00eas igrejas cujas constru\u00e7\u00f5es datam do s\u00e9culo XVI.<\/p>\n<p>O passeio de escuna ao Parque Marinho de Recife de Fora \u00e9 imperd\u00edvel. Durante a mar\u00e9 baixa, diversas esp\u00e9cies de corais, peixes e criaturas marinhas podem ser apreciadas. A Ilha do Pirata \u00e9 um centro de lazer tem\u00e1tico que combina preserva\u00e7\u00e3o da natureza e da biodiversidade marinha. Al\u00e9m de tudo isso, uma sucess\u00e3o de belas praias, com barracas de servi\u00e7os e aulas de coreografia.<\/p>\n<p>O munic\u00edpio de Porto Seguro, tamb\u00e9m engloba tr\u00eas famosos distritos:\u00a0 Arraial d\u2019Ajuda, Trancoso e Cara\u00edva. Os tr\u00eas vilarejos tamb\u00e9m contam com infraestrutura completa para turismo, e suas belezas naturais encantam os visitantes desde o primeiro instante.<\/p>\n<p>Arraial d\u2019Ajuda \u2013 a travessia de balsa pelo Rio Bunhar\u00e9m proporciona uma bonita vista do manguezal e do encontro do rio com o mar, ao lado de uma parede de recifes de arenito. J\u00e1 em terra, a estradinha que leva a Arraial \u00e9 margeada por Mata Atl\u00e2ntica e proporciona uma vista panor\u00e2mica da cidade de Poro Seguro. Descontra\u00e7\u00e3o \u00e9 a palavra que melhor define Arraial d\u2019Ajuda. Nas galerias e minisshoppings, nos luaus na praia de Mucug\u00ea, nas exibi\u00e7\u00f5es de capoeira e maculel\u00ea ou nos bares e boates da cidade, a festa s\u00f3 termina quando o sol nasce. Nas praias do Mucug\u00ea e Pitinga, as primeiras fal\u00e9sias aparecem e as areias do mar de Taipe encantam com sua beleza, proporcionando banhos inesquec\u00edveis.<\/p>\n<p>Trancoso \u2013 com praias, fal\u00e9sias, foz de rios e coqueirais, Trancoso \u00e9 um dos mais charmosos destinos tur\u00edsticos brasileiros. Sua pra\u00e7a principal \u2013 conhecida como o \u201cQuadrado\u201d \u2013 \u00e9 um valioso s\u00edtio hist\u00f3rico, onde se localiza a Igreja de S\u00e3o Jo\u00e3o Batista e belas constru\u00e7\u00f5es do s\u00e9culo XVI. Uma parada na deslumbrante praia dos Nativos, para mergulhar no mar, tomar sol e caminhar at\u00e9 a foz do Rio Trancoso, um cen\u00e1rio espetacular. Como n\u00e3o possui ilumina\u00e7\u00e3o p\u00fablica, a noite fica iluminada por lampi\u00f5es, aumentando o charme do local.<\/p>\n<div id=\"attachment_127613\" style=\"width: 455px\" class=\"wp-caption aligncenter\"><img loading=\"lazy\" decoding=\"async\" aria-describedby=\"caption-attachment-127613\" class=\" wp-image-127613\" src=\"https:\/\/diarioregionaldigital.com.br\/wp-content\/uploads\/2018\/12\/foto-03-1-300x200.jpg\" alt=\"\" width=\"445\" height=\"296\" srcset=\"https:\/\/diarioregionaldigital.com.br\/wp-content\/uploads\/2018\/12\/foto-03-1-300x200.jpg 300w, https:\/\/diarioregionaldigital.com.br\/wp-content\/uploads\/2018\/12\/foto-03-1-768x512.jpg 768w, https:\/\/diarioregionaldigital.com.br\/wp-content\/uploads\/2018\/12\/foto-03-1-360x240.jpg 360w, https:\/\/diarioregionaldigital.com.br\/wp-content\/uploads\/2018\/12\/foto-03-1.jpg 990w\" sizes=\"auto, (max-width: 445px) 100vw, 445px\" \/><p id=\"caption-attachment-127613\" class=\"wp-caption-text\">das melhores praias de Porto Seguro &#8211; Bahia, a Praia dos Nativos est\u00e1 em Trancoso; ali\u00e1s, \u00e9 exatamente onde o rio, que leva este nome, des\u00e1gua. Foto: Divulga\u00e7\u00e3o<\/p><\/div>\n<p>Cara\u00edva \u00e9 onde se encontra uma das praias mais bonitas do pa\u00eds. A que tem esse nome por causa do efeito provocado pelo reflexo do sol nas piscinas naturais formadas no mar. Essa bel\u00edssima extens\u00e3o de areia com \u00e1guas claras, \u00e9 frequentada por celebridade do mundo inteiro. Praia do Espelho, com sua simplicidade e sofistica\u00e7\u00e3o, \u00e9 uma visita obrigat\u00f3ria.<\/p>\n<p>O passeio de barco pelo Rio Jo\u00e3o de Tiba, em Santa Cruz de Cabr\u00e1lia, permite conhecer toda a exuber\u00e2ncia da natureza local, com suas matas, manguezais e a paradis\u00edaca praia de Santo Andr\u00e9,\u00a0 para um banho nas \u00e1guas cristalinas do mar. O percurso \u00e9 pontuado por paisagens fant\u00e1sticas com vest\u00edgios de Mata Atl\u00e2ntica.<\/p>\n<p>S\u00e3o muitos os passeios na regi\u00e3o, Coroa Vermelha, ponto do desembarque da esquadra portuguesa em 1500 e local da primeira missa em solo brasileiro, \u00e9 formada por uma enseada de \u00e1guas calmas, \u00f3timas para banho. A maioria das barracas de praia s\u00e3o administradas pelos pr\u00f3prios \u00edndios. No entorno da cruz, que simboliza a celebra\u00e7\u00e3o da 1\u00aa missa no Brasil, s\u00e3o comercializadas pe\u00e7as de artesanato produzidas pelos ind\u00edgenas da tribo patax\u00f3. Fica em Santa Cruz de Cabr\u00e1lia e funciona todos os dias.<\/p>\n<p>O passeio ao Recife de Fora, \u00e9 imperd\u00edvel, o saveiro leva o visitante para a terceira maior forma\u00e7\u00e3o de recifes de corais do Brasil com 6500 m\u00b2. O visitante poder\u00e1 mergulhar em suas piscinas naturais e apreciar milhares de esp\u00e9cies marinhas, entre peixes, crust\u00e1ceos, algas, mariscos, lesmas e diversos tipos de corais multicoloridos. \u00c9 considerado um dos mais belos passeios da regi\u00e3o.<\/p>\n<p>Para mergulhadores iniciantes (que precisam fazer o batismo) e veteranos (que j\u00e1 fizeram curso especializado), a Aquaplanet Mergulho organiza v\u00e1rios tipos de sa\u00eddas para desbravar o fundo do mar e admirar de perto a exuberante vida marinha. \u00c9 oferecido tamb\u00e9m cursos para os novatos.<\/p>\n<div id=\"attachment_127614\" style=\"width: 441px\" class=\"wp-caption aligncenter\"><img loading=\"lazy\" decoding=\"async\" aria-describedby=\"caption-attachment-127614\" class=\" wp-image-127614\" src=\"https:\/\/diarioregionaldigital.com.br\/wp-content\/uploads\/2018\/12\/foto-04-300x216.jpg\" alt=\"\" width=\"431\" height=\"310\" srcset=\"https:\/\/diarioregionaldigital.com.br\/wp-content\/uploads\/2018\/12\/foto-04-300x216.jpg 300w, https:\/\/diarioregionaldigital.com.br\/wp-content\/uploads\/2018\/12\/foto-04-360x259.jpg 360w, https:\/\/diarioregionaldigital.com.br\/wp-content\/uploads\/2018\/12\/foto-04.jpg 550w\" sizes=\"auto, (max-width: 431px) 100vw, 431px\" \/><p id=\"caption-attachment-127614\" class=\"wp-caption-text\">Os passeios de barco e atividades como mergulhos s\u00e3o interessant\u00edssimos nessa regi\u00e3o, visto que o mar colabora muito com esses quadros. Foto: Divulga\u00e7\u00e3o<\/p><\/div>\n<p>Para quem gosta de hist\u00f3ria, o visitante pode fazer a rota do descobrimento, para reviver a \u00e9poca do descobrimento do Brasil. Durante a visita ao Memorial da epopeia do Descobrimento, conhecer\u00e1 uma r\u00e9plica da nau de Pedro \u00c1lvares Cabral, com 30 metros de comprimento e 8 de largura; um jardim bot\u00e2nico de 20 mil metros quadrados, com esp\u00e9cies da \u00e9poca do descobrimento; e uma exposi\u00e7\u00e3o did\u00e1tica sobre a hist\u00f3ria de Brasil e Portugal. Depois ir\u00e1 ao marco da primeira missa celebrada no Brasil, pelo Frei Henrique Soares de Coimbra em 26 de abril de 1500. Tamb\u00e9m vai conhecer a cultura ind\u00edgena da tribo Patax\u00f3s e tomar um banho em uma das praias da orla Norte.<\/p>\n<p>A noite em Porto Seguro \u00e9 para se divertir e tem muitas op\u00e7\u00f5es, as gigantescas barracas de praia que eles chamam complexo de lazer, localizadas \u00e0 beira-mar, cada uma tem infraestrutura para mais ou menos 5000 pessoas \u00a0que se divertem com muito conforto. Durante o dia, duchas, banheiros, frald\u00e1rios, espregui\u00e7adeiras, guarda-s\u00f3is e restaurante garantem o bem-estar dos visitantes. \u00c1 noite, shows com as maiores bandas do Brasil e regionais, animam a festa; palcos modernos e ampla pista de dan\u00e7a atraem muita gente bonita.<\/p>\n<p>A famosa Passarela do Descobrimento ou melhor Passarela do \u00c1lcool, \u00e9 um misto de shopping Center ao ar livre com zona bo\u00eamia, fica no centro de Porto Seguro e tem in\u00fameras op\u00e7\u00f5es de restaurantes, lojas, bares e as inconfund\u00edveis barracas de coquet\u00e9is \u00e1 base de frutas. Um desses drinques \u00e9 o t\u00edpico capeta, que leva vodca, leite condensado, canela em p\u00f3, mel, guaran\u00e1 em p\u00f3 e muito gelo. \u00c9 um bom lugar para degustar pratos da culin\u00e1ria baiana e frutos do mar.<\/p>\n<p>A cidade possui ainda uma rede hoteleira para todos os gostos e bolsos. Resorts, hot\u00e9is categoria \u201c5\u201d at\u00e9 a mais simples pousada.<\/p>\n<p>Tudo isso \u00e9 Porto Seguro e muito mais, s\u00f3 indo l\u00e1 para ver e curtir.<\/p>\n<p>&nbsp;<\/p>\n","protected":false},"excerpt":{"rendered":"<p>Ao sul, com mais de 500 anos de hist\u00f3ria, a Costa do Descobrimento na Bahia abriga a m\u00e1gica cidade de Porto Seguro, sem d\u00favida um consagrado destino tur\u00edstico internacional, com suas badaladas praias, uma alegria contagiante noite e dia e uma grande variedade de op\u00e7\u00f5es para hospedagem e alimenta\u00e7\u00e3o de alto n\u00edvel. S\u00e3o Imperd\u00edveis os [&hellip;]<\/p>\n","protected":false},"author":96,"featured_media":127611,"comment_status":"closed","ping_status":"closed","sticky":false,"template":"","format":"standard","meta":{"footnotes":""},"categories":[436,284,439],"tags":[],"class_list":["post-127610","post","type-post","status-publish","format-standard","has-post-thumbnail","hentry","category-destaque-da-semana","category-turismo-rosa-oliveira","category-ultima-hora"],"_links":{"self":[{"href":"https:\/\/diarioregionaldigital.com.br\/index.php?rest_route=\/wp\/v2\/posts\/127610","targetHints":{"allow":["GET"]}}],"collection":[{"href":"https:\/\/diarioregionaldigital.com.br\/index.php?rest_route=\/wp\/v2\/posts"}],"about":[{"href":"https:\/\/diarioregionaldigital.com.br\/index.php?rest_route=\/wp\/v2\/types\/post"}],"author":[{"embeddable":true,"href":"https:\/\/diarioregionaldigital.com.br\/index.php?rest_route=\/wp\/v2\/users\/96"}],"replies":[{"embeddable":true,"href":"https:\/\/diarioregionaldigital.com.br\/index.php?rest_route=%2Fwp%2Fv2%2Fcomments&post=127610"}],"version-history":[{"count":0,"href":"https:\/\/diarioregionaldigital.com.br\/index.php?rest_route=\/wp\/v2\/posts\/127610\/revisions"}],"wp:featuredmedia":[{"embeddable":true,"href":"https:\/\/diarioregionaldigital.com.br\/index.php?rest_route=\/wp\/v2\/media\/127611"}],"wp:attachment":[{"href":"https:\/\/diarioregionaldigital.com.br\/index.php?rest_route=%2Fwp%2Fv2%2Fmedia&parent=127610"}],"wp:term":[{"taxonomy":"category","embeddable":true,"href":"https:\/\/diarioregionaldigital.com.br\/index.php?rest_route=%2Fwp%2Fv2%2Fcategories&post=127610"},{"taxonomy":"post_tag","embeddable":true,"href":"https:\/\/diarioregionaldigital.com.br\/index.php?rest_route=%2Fwp%2Fv2%2Ftags&post=127610"}],"curies":[{"name":"wp","href":"https:\/\/api.w.org\/{rel}","templated":true}]}}