{"id":127452,"date":"2018-12-05T12:22:55","date_gmt":"2018-12-05T14:22:55","guid":{"rendered":"https:\/\/diarioregionaldigital.com.br\/?p=127452"},"modified":"2018-12-05T12:22:55","modified_gmt":"2018-12-05T14:22:55","slug":"inadimplencia-e-endividamento-das-familias-recuam-em-novembro-diz-cnc","status":"publish","type":"post","link":"https:\/\/diarioregionaldigital.com.br\/?p=127452","title":{"rendered":"Inadimpl\u00eancia e endividamento das fam\u00edlias recuam em novembro, diz CNC"},"content":{"rendered":"<p>O percentual de fam\u00edlias endividadas e inadimplentes recuou, em novembro deste ano, em rela\u00e7\u00e3o ao m\u00eas anterior e a novembro do ano passado. De acordo com a Confedera\u00e7\u00e3o Nacional do Com\u00e9rcio de Bens, Servi\u00e7os e Turismo (CNC), a parcela de fam\u00edlias com d\u00edvidas em novembro ficou em 60,3%, abaixo das taxas<span id=\"OBJ_PREFIX_DWT159_com_zimbra_date\" role=\"link\"> de outubro<\/span> (60,7%) e novembro do ano passado (62,2%).<\/p>\n<p>O percentual de fam\u00edlias inadimplentes, ou seja, que t\u00eam d\u00edvidas ou contas em atraso, ficou em 22,9% em novembro, taxa inferior aos 23,5% de outubro e aos 25,8% de novembro de 2017.<\/p>\n<p>As fam\u00edlias que n\u00e3o <span id=\"OBJ_PREFIX_DWT160_com_zimbra_date\" role=\"link\"><span id=\"OBJ_PREFIX_DWT163_com_zimbra_date\" role=\"link\">ter<\/span><\/span>\u00e3o condi\u00e7\u00f5es de pagar suas d\u00edvidas somam 9,5% do total em novembro, abaixo dos 9,9% de outubro e dos 10,1% de novembro do ano passado, segundo a CNC.<\/p>\n<p>O cart\u00e3o de cr\u00e9dito \u00e9 o principal tipo de d\u00edvida, afetando 77,4% das fam\u00edlias endividadas, seguido por carn\u00eas (14,8%) e por financiamento de carro (10,2%). Entre as fam\u00edlias com contas ou d\u00edvidas em atraso, o tempo m\u00e9dio de atraso foi de 64,6 dias. O tempo m\u00e9dio de comprometimento com d\u00edvidas entre as fam\u00edlias endividadas foi de 6,9 meses.<\/p>\n<p><em>Fonte: Assessoria<\/em><\/p>\n","protected":false},"excerpt":{"rendered":"<p>O percentual de fam\u00edlias endividadas e inadimplentes recuou, em novembro deste ano, em rela\u00e7\u00e3o ao m\u00eas anterior e a novembro do ano passado. De acordo com a Confedera\u00e7\u00e3o Nacional do Com\u00e9rcio de Bens, Servi\u00e7os e Turismo (CNC), a parcela de fam\u00edlias com d\u00edvidas em novembro ficou em 60,3%, abaixo das taxas de outubro (60,7%) e [&hellip;]<\/p>\n","protected":false},"author":96,"featured_media":111708,"comment_status":"closed","ping_status":"closed","sticky":false,"template":"","format":"standard","meta":{"footnotes":""},"categories":[261,439],"tags":[],"class_list":["post-127452","post","type-post","status-publish","format-standard","has-post-thumbnail","hentry","category-economia","category-ultima-hora"],"_links":{"self":[{"href":"https:\/\/diarioregionaldigital.com.br\/index.php?rest_route=\/wp\/v2\/posts\/127452","targetHints":{"allow":["GET"]}}],"collection":[{"href":"https:\/\/diarioregionaldigital.com.br\/index.php?rest_route=\/wp\/v2\/posts"}],"about":[{"href":"https:\/\/diarioregionaldigital.com.br\/index.php?rest_route=\/wp\/v2\/types\/post"}],"author":[{"embeddable":true,"href":"https:\/\/diarioregionaldigital.com.br\/index.php?rest_route=\/wp\/v2\/users\/96"}],"replies":[{"embeddable":true,"href":"https:\/\/diarioregionaldigital.com.br\/index.php?rest_route=%2Fwp%2Fv2%2Fcomments&post=127452"}],"version-history":[{"count":0,"href":"https:\/\/diarioregionaldigital.com.br\/index.php?rest_route=\/wp\/v2\/posts\/127452\/revisions"}],"wp:featuredmedia":[{"embeddable":true,"href":"https:\/\/diarioregionaldigital.com.br\/index.php?rest_route=\/wp\/v2\/media\/111708"}],"wp:attachment":[{"href":"https:\/\/diarioregionaldigital.com.br\/index.php?rest_route=%2Fwp%2Fv2%2Fmedia&parent=127452"}],"wp:term":[{"taxonomy":"category","embeddable":true,"href":"https:\/\/diarioregionaldigital.com.br\/index.php?rest_route=%2Fwp%2Fv2%2Fcategories&post=127452"},{"taxonomy":"post_tag","embeddable":true,"href":"https:\/\/diarioregionaldigital.com.br\/index.php?rest_route=%2Fwp%2Fv2%2Ftags&post=127452"}],"curies":[{"name":"wp","href":"https:\/\/api.w.org\/{rel}","templated":true}]}}