{"id":127449,"date":"2018-12-05T12:20:17","date_gmt":"2018-12-05T14:20:17","guid":{"rendered":"https:\/\/diarioregionaldigital.com.br\/?p=127449"},"modified":"2018-12-05T12:20:17","modified_gmt":"2018-12-05T14:20:17","slug":"juiz-de-fora-participa-de-evento-da-ses-mg-opas-sobre-febre-amarela","status":"publish","type":"post","link":"https:\/\/diarioregionaldigital.com.br\/?p=127449","title":{"rendered":"Juiz de Fora participa de evento da SES-MG\/Opas sobre febre amarela"},"content":{"rendered":"<p>Juiz de Fora participou, na \u00faltima semana, da Reuni\u00e3o T\u00e9cnica \u201cExame Posterior a A\u00e7\u00e3o sobre a resposta frente ao recrudescimento da atividade de Febre Amarela em Minas Gerais, Brasil\u201d, promovida pela Secretaria de Estado de Sa\u00fade de Minas Gerais (SES\/MG), em parceria com a Organiza\u00e7\u00e3o Pan Americana de Sa\u00fade (Opas).<\/p>\n<p>Em tr\u00eas dias de debates, que aconteceram em Belo Horizonte, foram apresentadas as experi\u00eancias vividas pelos profissionais do SUS de Minas durante os epis\u00f3dios de surto de febre amarela e apontados os passos a serem dados para melhorar a resposta de cada ente frente a estes eventos. O documento final poder\u00e1 servir de base para outros estados e pa\u00edses que venham a enfrentar este tipo de ocorr\u00eancia.<\/p>\n<p>Durante a reuni\u00e3o, foram avaliadas as duas ondas de surto da doen\u00e7a vivenciadas em Minas em 2016\/2017 (primeiro ciclo) e 2017\/2018 (segundo ciclo) em seis eixos: gest\u00e3o; imuniza\u00e7\u00e3o; vigil\u00e2ncia de casos humanos e epizootias; vigil\u00e2ncia laboratorial; assist\u00eancia hospitalar com avalia\u00e7\u00e3o pr\u00e1tica do manejo cl\u00ednico e organiza\u00e7\u00e3o de rede e comunica\u00e7\u00e3o de risco. Juiz de Fora esteve representada nos debates sobre gest\u00e3o e comunica\u00e7\u00e3o de risco, junto com representantes das regionais de sa\u00fade e de munic\u00edpios, como Belo Horizonte, Brumadinho, Nova Lima e Mariana, e t\u00e9cnicos do Minist\u00e9rio da Sa\u00fade e da Secretaria de Estado da Sa\u00fade de S\u00e3o Paulo (SP).<\/p>\n<p>A metodologia utilizada na reuni\u00e3o foi criada pela Opas, baseada nas avalia\u00e7\u00f5es aplicadas para cen\u00e1rios de desastres naturais e que avaliam as respostas de enfrentamento da sa\u00fade p\u00fablica em ocorr\u00eancia de surtos. \u201cEste \u00e9 um trabalho inovador, porque avalia a efetividade de respostas t\u00e9cnicas diante de situa\u00e7\u00f5es de surtos de doen\u00e7as transmiss\u00edveis. Procura apontar as fragilidades das a\u00e7\u00f5es desenvolvidas e propor redirecionamentos para, por exemplo, diminuir o tempo de rea\u00e7\u00e3o a essas situa\u00e7\u00f5es e melhorar a capacidade de respostas, com o objetivo de diminuir a mortalidade\u201d, explicou o subsecret\u00e1rio de Vigil\u00e2ncia e Prote\u00e7\u00e3o \u00e0 Sa\u00fade da SES\/MG, Rodrigo Said.<\/p>\n<p>Para o subsecret\u00e1rio de Vigil\u00e2ncia em Sa\u00fade de Juiz de Fora, Rodrigo Almeida, o encontro foi importante para a troca de experi\u00eancias exitosas e tamb\u00e9m para os ajustes necess\u00e1rios para o aprendizado. \u201cEste \u00e9 o momento em que paramos, avaliamos e repensamos algumas a\u00e7\u00f5es e refor\u00e7amos outras tantas. Juiz de Fora tem uma rede de sa\u00fade muito bem constitu\u00edda, e esta troca de experi\u00eancia com \u00f3rg\u00e3os internacionais, Minist\u00e9rio e munic\u00edpios permite o aperfei\u00e7oamento dos processos de trabalho. Tenho certeza que sa\u00edmos todos mais fortes desta discuss\u00e3o\u201d.<\/p>\n<p>Nos debates sobre comunica\u00e7\u00e3o de risco, foram relatadas as frentes de trabalho durante o surto, como cria\u00e7\u00e3o de \u201chotsite\u201d especial sobre a febre amarela, assim como edi\u00e7\u00e3o de boletins epidemiol\u00f3gicos, campanhas nas redes sociais e m\u00eddias tradicionais, e o trabalho extra de combate \u00e0s not\u00edcias falsas (\u201cfake news\u201d). Todas as frentes garantindo a divulga\u00e7\u00e3o das informa\u00e7\u00f5es de interesse da popula\u00e7\u00e3o de forma \u00e1gil e transparente. Um destaque especial foi dado para a necessidade de a comunica\u00e7\u00e3o estar sempre ao lado da gest\u00e3o, para que as estrat\u00e9gias possam ser rapidamente elaboradas, dando resposta r\u00e1pida \u00e0 popula\u00e7\u00e3o, outra pr\u00e1tica adotada pelo atual modelo de gest\u00e3o municipal.<\/p>\n","protected":false},"excerpt":{"rendered":"<p>Juiz de Fora participou, na \u00faltima semana, da Reuni\u00e3o T\u00e9cnica \u201cExame Posterior a A\u00e7\u00e3o sobre a resposta frente ao recrudescimento da atividade de Febre Amarela em Minas Gerais, Brasil\u201d, promovida pela Secretaria de Estado de Sa\u00fade de Minas Gerais (SES\/MG), em parceria com a Organiza\u00e7\u00e3o Pan Americana de Sa\u00fade (Opas). Em tr\u00eas dias de debates, [&hellip;]<\/p>\n","protected":false},"author":96,"featured_media":0,"comment_status":"closed","ping_status":"closed","sticky":false,"template":"","format":"standard","meta":{"footnotes":""},"categories":[253,439],"tags":[],"class_list":["post-127449","post","type-post","status-publish","format-standard","hentry","category-cidade","category-ultima-hora"],"_links":{"self":[{"href":"https:\/\/diarioregionaldigital.com.br\/index.php?rest_route=\/wp\/v2\/posts\/127449","targetHints":{"allow":["GET"]}}],"collection":[{"href":"https:\/\/diarioregionaldigital.com.br\/index.php?rest_route=\/wp\/v2\/posts"}],"about":[{"href":"https:\/\/diarioregionaldigital.com.br\/index.php?rest_route=\/wp\/v2\/types\/post"}],"author":[{"embeddable":true,"href":"https:\/\/diarioregionaldigital.com.br\/index.php?rest_route=\/wp\/v2\/users\/96"}],"replies":[{"embeddable":true,"href":"https:\/\/diarioregionaldigital.com.br\/index.php?rest_route=%2Fwp%2Fv2%2Fcomments&post=127449"}],"version-history":[{"count":0,"href":"https:\/\/diarioregionaldigital.com.br\/index.php?rest_route=\/wp\/v2\/posts\/127449\/revisions"}],"wp:attachment":[{"href":"https:\/\/diarioregionaldigital.com.br\/index.php?rest_route=%2Fwp%2Fv2%2Fmedia&parent=127449"}],"wp:term":[{"taxonomy":"category","embeddable":true,"href":"https:\/\/diarioregionaldigital.com.br\/index.php?rest_route=%2Fwp%2Fv2%2Fcategories&post=127449"},{"taxonomy":"post_tag","embeddable":true,"href":"https:\/\/diarioregionaldigital.com.br\/index.php?rest_route=%2Fwp%2Fv2%2Ftags&post=127449"}],"curies":[{"name":"wp","href":"https:\/\/api.w.org\/{rel}","templated":true}]}}