{"id":127441,"date":"2018-12-05T11:20:49","date_gmt":"2018-12-05T13:20:49","guid":{"rendered":"https:\/\/diarioregionaldigital.com.br\/?p=127441"},"modified":"2018-12-05T11:20:49","modified_gmt":"2018-12-05T13:20:49","slug":"exercito-convoca-reservistas-para-atualizarem-dados-3","status":"publish","type":"post","link":"https:\/\/diarioregionaldigital.com.br\/?p=127441","title":{"rendered":"Ex\u00e9rcito convoca reservistas para atualizarem dados"},"content":{"rendered":"<p>Os integrantes da reserva do Ex\u00e9rcito Brasileiro que tenham se afastado do servi\u00e7o ativo no per\u00edodo de 1\u00ba de dezembro de 2013 a 30 de novembro de 2018 devem se apresentar para o Exerc\u00edcio de Apresenta\u00e7\u00e3o da Reserva de 2018 (Exar) para atualiza\u00e7\u00e3o de dados.<\/p>\n<p>O prazo estabelecido para atualiza\u00e7\u00e3o de dados cadastrais presencialmente ser\u00e1 no per\u00edodo de 10 a 14 de dezembro, no Centro de Apresenta\u00e7\u00e3o, na Pra\u00e7a Ant\u00f4nio Carlos, ao lado do 4\u00ba Dep\u00f3sito de Suprimento, no Posto de Recrutamento e Mobiliza\u00e7\u00e3o (PRM). Os integrantes devem apresentar certificado de reservista, certid\u00e3o de nascimento, comprovante de resid\u00eancia e Cadastro de Pessoa F\u00edsica (CPF).<\/p>\n<p>A op\u00e7\u00e3o pela internet estar\u00e1 dispon\u00edvel at\u00e9 o dia 31 de janeiro de 2019 no site <a href=\"http:\/\/www.exarnet.eb.mil.br\" target=\"_blank\" rel=\"noopener\">www.exarnet.eb.mil.br.\u00a0<\/a><\/p>\n","protected":false},"excerpt":{"rendered":"<p>Os integrantes da reserva do Ex\u00e9rcito Brasileiro que tenham se afastado do servi\u00e7o ativo no per\u00edodo de 1\u00ba de dezembro de 2013 a 30 de novembro de 2018 devem se apresentar para o Exerc\u00edcio de Apresenta\u00e7\u00e3o da Reserva de 2018 (Exar) para atualiza\u00e7\u00e3o de dados. O prazo estabelecido para atualiza\u00e7\u00e3o de dados cadastrais presencialmente ser\u00e1 [&hellip;]<\/p>\n","protected":false},"author":96,"featured_media":0,"comment_status":"closed","ping_status":"closed","sticky":false,"template":"","format":"standard","meta":{"footnotes":""},"categories":[253,439],"tags":[],"class_list":["post-127441","post","type-post","status-publish","format-standard","hentry","category-cidade","category-ultima-hora"],"_links":{"self":[{"href":"https:\/\/diarioregionaldigital.com.br\/index.php?rest_route=\/wp\/v2\/posts\/127441","targetHints":{"allow":["GET"]}}],"collection":[{"href":"https:\/\/diarioregionaldigital.com.br\/index.php?rest_route=\/wp\/v2\/posts"}],"about":[{"href":"https:\/\/diarioregionaldigital.com.br\/index.php?rest_route=\/wp\/v2\/types\/post"}],"author":[{"embeddable":true,"href":"https:\/\/diarioregionaldigital.com.br\/index.php?rest_route=\/wp\/v2\/users\/96"}],"replies":[{"embeddable":true,"href":"https:\/\/diarioregionaldigital.com.br\/index.php?rest_route=%2Fwp%2Fv2%2Fcomments&post=127441"}],"version-history":[{"count":0,"href":"https:\/\/diarioregionaldigital.com.br\/index.php?rest_route=\/wp\/v2\/posts\/127441\/revisions"}],"wp:attachment":[{"href":"https:\/\/diarioregionaldigital.com.br\/index.php?rest_route=%2Fwp%2Fv2%2Fmedia&parent=127441"}],"wp:term":[{"taxonomy":"category","embeddable":true,"href":"https:\/\/diarioregionaldigital.com.br\/index.php?rest_route=%2Fwp%2Fv2%2Fcategories&post=127441"},{"taxonomy":"post_tag","embeddable":true,"href":"https:\/\/diarioregionaldigital.com.br\/index.php?rest_route=%2Fwp%2Fv2%2Ftags&post=127441"}],"curies":[{"name":"wp","href":"https:\/\/api.w.org\/{rel}","templated":true}]}}