{"id":127440,"date":"2018-12-05T12:17:22","date_gmt":"2018-12-05T14:17:22","guid":{"rendered":"https:\/\/diarioregionaldigital.com.br\/?p=127440"},"modified":"2018-12-05T12:17:22","modified_gmt":"2018-12-05T14:17:22","slug":"primeiro-dia-da-operacao-natal-registrou-68-autuacoes-de-transito","status":"publish","type":"post","link":"https:\/\/diarioregionaldigital.com.br\/?p=127440","title":{"rendered":"Primeiro dia da &#8220;Opera\u00e7\u00e3o Natal&#8221; registrou 68 autua\u00e7\u00f5es de tr\u00e2nsito"},"content":{"rendered":"<p>No primeiro dia da &#8220;Opera\u00e7\u00e3o Natal&#8221;, segunda-feira, 3, a Secretaria de Transporte e Tr\u00e2nsito (Settra) da Prefeitura de Juiz de Fora (PJF) registrou 68 autua\u00e7\u00f5es de tr\u00e2nsito. A a\u00e7\u00e3o, que seguir\u00e1 durante todo este m\u00eas, visa aumentar a seguran\u00e7a no tr\u00e2nsito, coibindo infra\u00e7\u00f5es que geram riscos de acidentes. Os agentes do Departamento de Fiscaliza\u00e7\u00e3o de Transporte e Tr\u00e2nsito (DFTT) est\u00e3o agindo nos cruzamentos da cidade, de forma mais intensiva para a opera\u00e7\u00e3o.<\/p>\n<p>As principais infra\u00e7\u00f5es registradas foram: falta do uso de cinto de seguran\u00e7a, motoboy utilizando mochila, avan\u00e7o de sinal vermelho, crian\u00e7a sem o cinto de seguran\u00e7a no banco de tr\u00e1s, parada em local proibido, carga e descarga irregular, uso de celular ao volante e viseira levantada.<\/p>\n<p>Al\u00e9m das fiscaliza\u00e7\u00f5es intensificadas, a \u201cOpera\u00e7\u00e3o Natal\u201d traz mensagens educativas, desenvolvidas pela equipe de Supervis\u00e3o de Educa\u00e7\u00e3o para o Tr\u00e2nsito (Spet). A inten\u00e7\u00e3o \u00e9 alertar os condutores sobre os cuidados com o tr\u00e2nsito, nessa \u00e9poca de festas de fim de ano.<\/p>\n<p><b>Ronda fiscal Settra e SAU<\/b><\/p>\n<p>Na noite de segunda-feira, na ronda fiscal realizada pela Settra e a Secretaria de Atividades Urbanas (SAU) foram registradas 42 autua\u00e7\u00f5es. As infra\u00e7\u00f5es foram: estacionamento irregular em vaga de moto, parada em frente ao hidrante, em vaga de deficiente f\u00edsico e outras \u00e1reas proibidas, uso de celular ao volante e falta de cinto de seguran\u00e7a, entre outras.<\/p>\n<p>Durante a a\u00e7\u00e3o, a SAU verificou quest\u00f5es relacionadas \u00e0s posturas municipais, como com\u00e9rcio ambulante irregular e eventuais obstru\u00e7\u00f5es de espa\u00e7os p\u00fablicos. A opera\u00e7\u00e3o ocorreu na Avenida Get\u00falio Vargas e demais vias, entre as avenidas Rio Branco e Presidente Itamar Franco.<\/p>\n<p><em>Fonte: Assessoria<\/em><\/p>\n","protected":false},"excerpt":{"rendered":"<p>No primeiro dia da &#8220;Opera\u00e7\u00e3o Natal&#8221;, segunda-feira, 3, a Secretaria de Transporte e Tr\u00e2nsito (Settra) da Prefeitura de Juiz de Fora (PJF) registrou 68 autua\u00e7\u00f5es de tr\u00e2nsito. A a\u00e7\u00e3o, que seguir\u00e1 durante todo este m\u00eas, visa aumentar a seguran\u00e7a no tr\u00e2nsito, coibindo infra\u00e7\u00f5es que geram riscos de acidentes. Os agentes do Departamento de Fiscaliza\u00e7\u00e3o de [&hellip;]<\/p>\n","protected":false},"author":96,"featured_media":0,"comment_status":"closed","ping_status":"closed","sticky":false,"template":"","format":"standard","meta":{"footnotes":""},"categories":[253,439],"tags":[],"class_list":["post-127440","post","type-post","status-publish","format-standard","hentry","category-cidade","category-ultima-hora"],"_links":{"self":[{"href":"https:\/\/diarioregionaldigital.com.br\/index.php?rest_route=\/wp\/v2\/posts\/127440","targetHints":{"allow":["GET"]}}],"collection":[{"href":"https:\/\/diarioregionaldigital.com.br\/index.php?rest_route=\/wp\/v2\/posts"}],"about":[{"href":"https:\/\/diarioregionaldigital.com.br\/index.php?rest_route=\/wp\/v2\/types\/post"}],"author":[{"embeddable":true,"href":"https:\/\/diarioregionaldigital.com.br\/index.php?rest_route=\/wp\/v2\/users\/96"}],"replies":[{"embeddable":true,"href":"https:\/\/diarioregionaldigital.com.br\/index.php?rest_route=%2Fwp%2Fv2%2Fcomments&post=127440"}],"version-history":[{"count":0,"href":"https:\/\/diarioregionaldigital.com.br\/index.php?rest_route=\/wp\/v2\/posts\/127440\/revisions"}],"wp:attachment":[{"href":"https:\/\/diarioregionaldigital.com.br\/index.php?rest_route=%2Fwp%2Fv2%2Fmedia&parent=127440"}],"wp:term":[{"taxonomy":"category","embeddable":true,"href":"https:\/\/diarioregionaldigital.com.br\/index.php?rest_route=%2Fwp%2Fv2%2Fcategories&post=127440"},{"taxonomy":"post_tag","embeddable":true,"href":"https:\/\/diarioregionaldigital.com.br\/index.php?rest_route=%2Fwp%2Fv2%2Ftags&post=127440"}],"curies":[{"name":"wp","href":"https:\/\/api.w.org\/{rel}","templated":true}]}}