{"id":127438,"date":"2018-12-05T10:58:39","date_gmt":"2018-12-05T12:58:39","guid":{"rendered":"https:\/\/diarioregionaldigital.com.br\/?p=127438"},"modified":"2018-12-05T10:58:39","modified_gmt":"2018-12-05T12:58:39","slug":"policia-militar-prende-dois-homens-por-porte-ilegal-de-arma-de-fogo","status":"publish","type":"post","link":"https:\/\/diarioregionaldigital.com.br\/?p=127438","title":{"rendered":"Pol\u00edcia Militar prende dois homens por porte ilegal de arma de fogo"},"content":{"rendered":"<p>Dois homens foram presos nessa ter\u00e7a-feira, 04, por posse ilegal de arma de fogo em Juiz de Fora. A dupla negociava a venda de uma pistola calibre 38.<\/p>\n<p>Durante um patrulhamento pelo bairro Po\u00e7o Rico, na regi\u00e3o Central de Juiz de Fora, moradores das redondezas informaram \u00e0 Pol\u00edcia Militar que havia um homem suspeito dentro de um carro no interior do estacionamento de um supermercado na Avenida Francisco Valadares.<\/p>\n<p>Os policiais abordaram o sujeito, de 30 anos, que confessou que havia marcado um encontro com outra pessoa para negociar uma arma de calibre 38 no valor de R$6 mil, juntamente com dois carregadores e sete cartuchos de muni\u00e7\u00e3o. O homem afirmou n\u00e3o conhecer pessoalmente o vendedor, tendo apenas conversas de WhatsApp salvas no celular e o endere\u00e7o dele.<\/p>\n<p>A PM foi at\u00e9 a casa do propriet\u00e1rio da arma, na Rua Carlos Palmer, no bairro Vila Ozanan, na zona Sudeste da cidade. O autor, de 42 anos, confirmou que estava vendendo pistola e que n\u00e3o possu\u00eda registro da arma. Ainda foi encontrada na resid\u00eancia uma outra pistola, tamb\u00e9m e calibre 38, tr\u00eas carregadores com capacidade para 17 cartuchos cada.<\/p>\n<p>O homem foi preso e encaminhado \u00e0 delegacia.<\/p>\n","protected":false},"excerpt":{"rendered":"<p>Dois homens foram presos nessa ter\u00e7a-feira, 04, por posse ilegal de arma de fogo em Juiz de Fora. A dupla negociava a venda de uma pistola calibre 38. Durante um patrulhamento pelo bairro Po\u00e7o Rico, na regi\u00e3o Central de Juiz de Fora, moradores das redondezas informaram \u00e0 Pol\u00edcia Militar que havia um homem suspeito dentro [&hellip;]<\/p>\n","protected":false},"author":96,"featured_media":95836,"comment_status":"closed","ping_status":"closed","sticky":false,"template":"","format":"standard","meta":{"footnotes":""},"categories":[301],"tags":[],"class_list":["post-127438","post","type-post","status-publish","format-standard","has-post-thumbnail","hentry","category-artigos-policiais"],"_links":{"self":[{"href":"https:\/\/diarioregionaldigital.com.br\/index.php?rest_route=\/wp\/v2\/posts\/127438","targetHints":{"allow":["GET"]}}],"collection":[{"href":"https:\/\/diarioregionaldigital.com.br\/index.php?rest_route=\/wp\/v2\/posts"}],"about":[{"href":"https:\/\/diarioregionaldigital.com.br\/index.php?rest_route=\/wp\/v2\/types\/post"}],"author":[{"embeddable":true,"href":"https:\/\/diarioregionaldigital.com.br\/index.php?rest_route=\/wp\/v2\/users\/96"}],"replies":[{"embeddable":true,"href":"https:\/\/diarioregionaldigital.com.br\/index.php?rest_route=%2Fwp%2Fv2%2Fcomments&post=127438"}],"version-history":[{"count":0,"href":"https:\/\/diarioregionaldigital.com.br\/index.php?rest_route=\/wp\/v2\/posts\/127438\/revisions"}],"wp:featuredmedia":[{"embeddable":true,"href":"https:\/\/diarioregionaldigital.com.br\/index.php?rest_route=\/wp\/v2\/media\/95836"}],"wp:attachment":[{"href":"https:\/\/diarioregionaldigital.com.br\/index.php?rest_route=%2Fwp%2Fv2%2Fmedia&parent=127438"}],"wp:term":[{"taxonomy":"category","embeddable":true,"href":"https:\/\/diarioregionaldigital.com.br\/index.php?rest_route=%2Fwp%2Fv2%2Fcategories&post=127438"},{"taxonomy":"post_tag","embeddable":true,"href":"https:\/\/diarioregionaldigital.com.br\/index.php?rest_route=%2Fwp%2Fv2%2Ftags&post=127438"}],"curies":[{"name":"wp","href":"https:\/\/api.w.org\/{rel}","templated":true}]}}