{"id":127421,"date":"2018-12-05T09:34:03","date_gmt":"2018-12-05T11:34:03","guid":{"rendered":"https:\/\/diarioregionaldigital.com.br\/?p=127421"},"modified":"2018-12-05T09:34:03","modified_gmt":"2018-12-05T11:34:03","slug":"pes-de-maconha-sao-apreendidos-pela-policia-militar-no-bairro-granjas-santo-antonio","status":"publish","type":"post","link":"https:\/\/diarioregionaldigital.com.br\/?p=127421","title":{"rendered":"P\u00e9s de maconha s\u00e3o apreendidos pela Pol\u00edcia Militar no bairro Granjas Santo Ant\u00f4nio"},"content":{"rendered":"<p>Nessa ter\u00e7a-feira, 04, tr\u00eas p\u00e9s de maconha foram apreendidos no bairro Granjas Santo Ant\u00f4nio, na zona Leste de Juiz de Fora.<\/p>\n<p>A Pol\u00edcia Militar (PM) chegou at\u00e9 o local atrav\u00e9s de uma den\u00fancia an\u00f4nima que indicava que um jovem estaria cultivando a planta e vendendo a droga em uma resid\u00eancia na Rua Ol\u00edvia do Carmo Mota. O rapaz, tem 26 anos, e foi preso pela PM.<\/p>\n<p>O autor ainda confessou aos policiais que al\u00e9m dos tr\u00eas p\u00e9s de maconha encontrados na resid\u00eancia, j\u00e1 havia vendido outras duas plantas prontas para cultivo para dois suspeitos. Os compradores, por\u00e9m, n\u00e3o foram localizados.<\/p>\n","protected":false},"excerpt":{"rendered":"<p>Nessa ter\u00e7a-feira, 04, tr\u00eas p\u00e9s de maconha foram apreendidos no bairro Granjas Santo Ant\u00f4nio, na zona Leste de Juiz de Fora. A Pol\u00edcia Militar (PM) chegou at\u00e9 o local atrav\u00e9s de uma den\u00fancia an\u00f4nima que indicava que um jovem estaria cultivando a planta e vendendo a droga em uma resid\u00eancia na Rua Ol\u00edvia do Carmo [&hellip;]<\/p>\n","protected":false},"author":96,"featured_media":95836,"comment_status":"closed","ping_status":"closed","sticky":false,"template":"","format":"standard","meta":{"footnotes":""},"categories":[301],"tags":[],"class_list":["post-127421","post","type-post","status-publish","format-standard","has-post-thumbnail","hentry","category-artigos-policiais"],"_links":{"self":[{"href":"https:\/\/diarioregionaldigital.com.br\/index.php?rest_route=\/wp\/v2\/posts\/127421","targetHints":{"allow":["GET"]}}],"collection":[{"href":"https:\/\/diarioregionaldigital.com.br\/index.php?rest_route=\/wp\/v2\/posts"}],"about":[{"href":"https:\/\/diarioregionaldigital.com.br\/index.php?rest_route=\/wp\/v2\/types\/post"}],"author":[{"embeddable":true,"href":"https:\/\/diarioregionaldigital.com.br\/index.php?rest_route=\/wp\/v2\/users\/96"}],"replies":[{"embeddable":true,"href":"https:\/\/diarioregionaldigital.com.br\/index.php?rest_route=%2Fwp%2Fv2%2Fcomments&post=127421"}],"version-history":[{"count":0,"href":"https:\/\/diarioregionaldigital.com.br\/index.php?rest_route=\/wp\/v2\/posts\/127421\/revisions"}],"wp:featuredmedia":[{"embeddable":true,"href":"https:\/\/diarioregionaldigital.com.br\/index.php?rest_route=\/wp\/v2\/media\/95836"}],"wp:attachment":[{"href":"https:\/\/diarioregionaldigital.com.br\/index.php?rest_route=%2Fwp%2Fv2%2Fmedia&parent=127421"}],"wp:term":[{"taxonomy":"category","embeddable":true,"href":"https:\/\/diarioregionaldigital.com.br\/index.php?rest_route=%2Fwp%2Fv2%2Fcategories&post=127421"},{"taxonomy":"post_tag","embeddable":true,"href":"https:\/\/diarioregionaldigital.com.br\/index.php?rest_route=%2Fwp%2Fv2%2Ftags&post=127421"}],"curies":[{"name":"wp","href":"https:\/\/api.w.org\/{rel}","templated":true}]}}