{"id":127416,"date":"2018-12-05T08:54:09","date_gmt":"2018-12-05T10:54:09","guid":{"rendered":"https:\/\/diarioregionaldigital.com.br\/?p=127416"},"modified":"2018-12-05T09:51:10","modified_gmt":"2018-12-05T11:51:10","slug":"jovem-tem-celular-roubado-no-bairro-morro-da-gloria","status":"publish","type":"post","link":"https:\/\/diarioregionaldigital.com.br\/?p=127416","title":{"rendered":"Jovem tem celular roubado no bairro Morro da Gl\u00f3ria"},"content":{"rendered":"<p>Um jovem foi v\u00edtima de assalto na noite dessa ter\u00e7a-feira, 04, no bairro Morro da Gl\u00f3ria, localizado na regi\u00e3o Central de Juiz de Fora.<\/p>\n<p>O rapaz, que tem 18 anos, passava pela Rua Mariano Proc\u00f3pio, por volta das 21h, quando foi abordado por dois homens que usaram for\u00e7a f\u00edsica para roubar o aparelho celular da v\u00edtima. Ap\u00f3s o crime, os assaltantes foram localizados durante rastreamento feito na regi\u00e3o pela Pol\u00edcia Militar.<\/p>\n<p>Os autores tem 24 e 32 anos e est\u00e3o presos.<\/p>\n","protected":false},"excerpt":{"rendered":"<p>Um jovem foi v\u00edtima de assalto na noite dessa ter\u00e7a-feira, 04, no bairro Morro da Gl\u00f3ria, localizado na regi\u00e3o Central de Juiz de Fora. O rapaz, que tem 18 anos, passava pela Rua Mariano Proc\u00f3pio, por volta das 21h, quando foi abordado por dois homens que usaram for\u00e7a f\u00edsica para roubar o aparelho celular da [&hellip;]<\/p>\n","protected":false},"author":96,"featured_media":95836,"comment_status":"closed","ping_status":"closed","sticky":false,"template":"","format":"standard","meta":{"footnotes":""},"categories":[301],"tags":[],"class_list":["post-127416","post","type-post","status-publish","format-standard","has-post-thumbnail","hentry","category-artigos-policiais"],"_links":{"self":[{"href":"https:\/\/diarioregionaldigital.com.br\/index.php?rest_route=\/wp\/v2\/posts\/127416","targetHints":{"allow":["GET"]}}],"collection":[{"href":"https:\/\/diarioregionaldigital.com.br\/index.php?rest_route=\/wp\/v2\/posts"}],"about":[{"href":"https:\/\/diarioregionaldigital.com.br\/index.php?rest_route=\/wp\/v2\/types\/post"}],"author":[{"embeddable":true,"href":"https:\/\/diarioregionaldigital.com.br\/index.php?rest_route=\/wp\/v2\/users\/96"}],"replies":[{"embeddable":true,"href":"https:\/\/diarioregionaldigital.com.br\/index.php?rest_route=%2Fwp%2Fv2%2Fcomments&post=127416"}],"version-history":[{"count":0,"href":"https:\/\/diarioregionaldigital.com.br\/index.php?rest_route=\/wp\/v2\/posts\/127416\/revisions"}],"wp:featuredmedia":[{"embeddable":true,"href":"https:\/\/diarioregionaldigital.com.br\/index.php?rest_route=\/wp\/v2\/media\/95836"}],"wp:attachment":[{"href":"https:\/\/diarioregionaldigital.com.br\/index.php?rest_route=%2Fwp%2Fv2%2Fmedia&parent=127416"}],"wp:term":[{"taxonomy":"category","embeddable":true,"href":"https:\/\/diarioregionaldigital.com.br\/index.php?rest_route=%2Fwp%2Fv2%2Fcategories&post=127416"},{"taxonomy":"post_tag","embeddable":true,"href":"https:\/\/diarioregionaldigital.com.br\/index.php?rest_route=%2Fwp%2Fv2%2Ftags&post=127416"}],"curies":[{"name":"wp","href":"https:\/\/api.w.org\/{rel}","templated":true}]}}