{"id":127400,"date":"2018-12-05T06:00:04","date_gmt":"2018-12-05T08:00:04","guid":{"rendered":"https:\/\/diarioregionaldigital.com.br\/?p=127400"},"modified":"2018-12-04T21:51:00","modified_gmt":"2018-12-04T23:51:00","slug":"aniversario-4","status":"publish","type":"post","link":"https:\/\/diarioregionaldigital.com.br\/?p=127400","title":{"rendered":"Anivers\u00e1rio"},"content":{"rendered":"<p style=\"text-align: center;\"><strong>Homenagens<\/strong><\/p>\n<p style=\"text-align: center;\">A sede da AABB\/JF vai receber, no dia 5 de dezembro, \u00e0s 19h30, v\u00e1rios esportistas para a noite de homenagens com a entrega do M\u00e9rito Esportivo Panathlon realizado pelo Panathlon Club Juiz de Fora. Atletas, equipes, treinadores, \u00e1rbitros, entidades e ve\u00edculos de imprensa ser\u00e3o homenageados como destaque e que projetaram o esporte durante o ano.<\/p>\n<p style=\"text-align: center;\"><strong>Gente Boa<\/strong><\/p>\n<p style=\"text-align: center;\">Com sua por\u00e7\u00e3o \u201cMiloca\u201d, Gilmara Delmonte, integrante do grupo Doutores do Amor, est\u00e1 arrecadando roupas e cal\u00e7ados para o bazar da ONG. Para quem quiser doar \u00e9 s\u00f3 procurar o Centro Comercial do Cascatinha e na rua Marechal Deodoro, n\u00ba 885.<\/p>\n<p style=\"text-align: center;\"><span style=\"font-size: 14pt;\"><strong>Anivers\u00e1rio<\/strong><\/span><\/p>\n<p style=\"text-align: center;\">Usando como cen\u00e1rio o bel\u00edssimo Bar do Trade Hotel, este colunista reuniu novos e velhos amigos para comemorar idade nova. O alto astral dos convidados fizeram contraponto para o tom musical do cantor Thiago. As fotos registram presen\u00e7as queridas em flashes de Marc\u00edlio Gomes.<\/p>\n<div id=\"attachment_127373\" style=\"width: 690px\" class=\"wp-caption aligncenter\"><img loading=\"lazy\" decoding=\"async\" aria-describedby=\"caption-attachment-127373\" class=\"wp-image-127373\" src=\"https:\/\/diarioregionaldigital.com.br\/wp-content\/uploads\/2018\/12\/fotoa-1.jpg\" alt=\"\" width=\"680\" height=\"453\" srcset=\"https:\/\/diarioregionaldigital.com.br\/wp-content\/uploads\/2018\/12\/fotoa-1.jpg 5184w, https:\/\/diarioregionaldigital.com.br\/wp-content\/uploads\/2018\/12\/fotoa-1-300x200.jpg 300w, https:\/\/diarioregionaldigital.com.br\/wp-content\/uploads\/2018\/12\/fotoa-1-768x512.jpg 768w, https:\/\/diarioregionaldigital.com.br\/wp-content\/uploads\/2018\/12\/fotoa-1-1024x683.jpg 1024w, https:\/\/diarioregionaldigital.com.br\/wp-content\/uploads\/2018\/12\/fotoa-1-360x240.jpg 360w\" sizes=\"auto, (max-width: 680px) 100vw, 680px\" \/><p id=\"caption-attachment-127373\" class=\"wp-caption-text\">O colunista aniversariando festejou com bolo delicioso, docinhos do Atelier Maria Pipoca e bombons finos da Trigale<\/p><\/div>\n<div id=\"attachment_127374\" style=\"width: 690px\" class=\"wp-caption aligncenter\"><img loading=\"lazy\" decoding=\"async\" aria-describedby=\"caption-attachment-127374\" class=\"wp-image-127374\" src=\"https:\/\/diarioregionaldigital.com.br\/wp-content\/uploads\/2018\/12\/fotoaa-1.jpg\" alt=\"\" width=\"680\" height=\"383\" srcset=\"https:\/\/diarioregionaldigital.com.br\/wp-content\/uploads\/2018\/12\/fotoaa-1.jpg 1440w, https:\/\/diarioregionaldigital.com.br\/wp-content\/uploads\/2018\/12\/fotoaa-1-300x169.jpg 300w, https:\/\/diarioregionaldigital.com.br\/wp-content\/uploads\/2018\/12\/fotoaa-1-768x432.jpg 768w, https:\/\/diarioregionaldigital.com.br\/wp-content\/uploads\/2018\/12\/fotoaa-1-1024x576.jpg 1024w, https:\/\/diarioregionaldigital.com.br\/wp-content\/uploads\/2018\/12\/fotoaa-1-360x203.jpg 360w\" sizes=\"auto, (max-width: 680px) 100vw, 680px\" \/><p id=\"caption-attachment-127374\" class=\"wp-caption-text\">Nequitz Miguel, Marc\u00edlio Gomes e Beth Urgal<\/p><\/div>\n<div id=\"attachment_127375\" style=\"width: 690px\" class=\"wp-caption aligncenter\"><img loading=\"lazy\" decoding=\"async\" aria-describedby=\"caption-attachment-127375\" class=\"wp-image-127375\" src=\"https:\/\/diarioregionaldigital.com.br\/wp-content\/uploads\/2018\/12\/fotob-e1543958613864.jpg\" alt=\"\" width=\"680\" height=\"487\" srcset=\"https:\/\/diarioregionaldigital.com.br\/wp-content\/uploads\/2018\/12\/fotob-e1543958613864.jpg 3456w, https:\/\/diarioregionaldigital.com.br\/wp-content\/uploads\/2018\/12\/fotob-e1543958613864-300x215.jpg 300w, https:\/\/diarioregionaldigital.com.br\/wp-content\/uploads\/2018\/12\/fotob-e1543958613864-768x550.jpg 768w, https:\/\/diarioregionaldigital.com.br\/wp-content\/uploads\/2018\/12\/fotob-e1543958613864-1024x733.jpg 1024w, https:\/\/diarioregionaldigital.com.br\/wp-content\/uploads\/2018\/12\/fotob-e1543958613864-360x258.jpg 360w\" sizes=\"auto, (max-width: 680px) 100vw, 680px\" \/><p id=\"caption-attachment-127375\" class=\"wp-caption-text\">Cilene Campos, Beth Urgal e Adelaide Rodrigues<\/p><\/div>\n<div id=\"attachment_127376\" style=\"width: 690px\" class=\"wp-caption aligncenter\"><img loading=\"lazy\" decoding=\"async\" aria-describedby=\"caption-attachment-127376\" class=\"wp-image-127376\" src=\"https:\/\/diarioregionaldigital.com.br\/wp-content\/uploads\/2018\/12\/fotoc-1-e1543958645633.jpg\" alt=\"\" width=\"680\" height=\"515\" srcset=\"https:\/\/diarioregionaldigital.com.br\/wp-content\/uploads\/2018\/12\/fotoc-1-e1543958645633.jpg 3456w, https:\/\/diarioregionaldigital.com.br\/wp-content\/uploads\/2018\/12\/fotoc-1-e1543958645633-300x227.jpg 300w, https:\/\/diarioregionaldigital.com.br\/wp-content\/uploads\/2018\/12\/fotoc-1-e1543958645633-768x582.jpg 768w, https:\/\/diarioregionaldigital.com.br\/wp-content\/uploads\/2018\/12\/fotoc-1-e1543958645633-1024x775.jpg 1024w, https:\/\/diarioregionaldigital.com.br\/wp-content\/uploads\/2018\/12\/fotoc-1-e1543958645633-360x273.jpg 360w\" sizes=\"auto, (max-width: 680px) 100vw, 680px\" \/><p id=\"caption-attachment-127376\" class=\"wp-caption-text\">Meire Milhomens, Eduardo Gomes e Sandra Cordeiro<\/p><\/div>\n<div id=\"attachment_127377\" style=\"width: 690px\" class=\"wp-caption aligncenter\"><img loading=\"lazy\" decoding=\"async\" aria-describedby=\"caption-attachment-127377\" class=\"wp-image-127377\" src=\"https:\/\/diarioregionaldigital.com.br\/wp-content\/uploads\/2018\/12\/fotod-1.jpg\" alt=\"\" width=\"680\" height=\"453\" srcset=\"https:\/\/diarioregionaldigital.com.br\/wp-content\/uploads\/2018\/12\/fotod-1.jpg 5184w, https:\/\/diarioregionaldigital.com.br\/wp-content\/uploads\/2018\/12\/fotod-1-300x200.jpg 300w, https:\/\/diarioregionaldigital.com.br\/wp-content\/uploads\/2018\/12\/fotod-1-768x512.jpg 768w, https:\/\/diarioregionaldigital.com.br\/wp-content\/uploads\/2018\/12\/fotod-1-1024x683.jpg 1024w, https:\/\/diarioregionaldigital.com.br\/wp-content\/uploads\/2018\/12\/fotod-1-360x240.jpg 360w\" sizes=\"auto, (max-width: 680px) 100vw, 680px\" \/><p id=\"caption-attachment-127377\" class=\"wp-caption-text\">Eduardo Gomes e o gerente geral do Trade Hotel, Jos\u00e9 Carlos Branco<\/p><\/div>\n<div id=\"attachment_127378\" style=\"width: 690px\" class=\"wp-caption aligncenter\"><img loading=\"lazy\" decoding=\"async\" aria-describedby=\"caption-attachment-127378\" class=\"wp-image-127378\" src=\"https:\/\/diarioregionaldigital.com.br\/wp-content\/uploads\/2018\/12\/fotoe-e1543959209386.jpg\" alt=\"\" width=\"680\" height=\"497\" srcset=\"https:\/\/diarioregionaldigital.com.br\/wp-content\/uploads\/2018\/12\/fotoe-e1543959209386.jpg 3456w, https:\/\/diarioregionaldigital.com.br\/wp-content\/uploads\/2018\/12\/fotoe-e1543959209386-300x219.jpg 300w, https:\/\/diarioregionaldigital.com.br\/wp-content\/uploads\/2018\/12\/fotoe-e1543959209386-768x562.jpg 768w, https:\/\/diarioregionaldigital.com.br\/wp-content\/uploads\/2018\/12\/fotoe-e1543959209386-1024x749.jpg 1024w, https:\/\/diarioregionaldigital.com.br\/wp-content\/uploads\/2018\/12\/fotoe-e1543959209386-360x263.jpg 360w\" sizes=\"auto, (max-width: 680px) 100vw, 680px\" \/><p id=\"caption-attachment-127378\" class=\"wp-caption-text\">Cris Bissoli, Eduardo Gomes, Maria Carolina Rodrigues e Gustavo Almeida<\/p><\/div>\n<div id=\"attachment_127379\" style=\"width: 690px\" class=\"wp-caption aligncenter\"><img loading=\"lazy\" decoding=\"async\" aria-describedby=\"caption-attachment-127379\" class=\"wp-image-127379\" src=\"https:\/\/diarioregionaldigital.com.br\/wp-content\/uploads\/2018\/12\/fotof-1.jpg\" alt=\"\" width=\"680\" height=\"453\" srcset=\"https:\/\/diarioregionaldigital.com.br\/wp-content\/uploads\/2018\/12\/fotof-1.jpg 5184w, https:\/\/diarioregionaldigital.com.br\/wp-content\/uploads\/2018\/12\/fotof-1-300x200.jpg 300w, https:\/\/diarioregionaldigital.com.br\/wp-content\/uploads\/2018\/12\/fotof-1-768x512.jpg 768w, https:\/\/diarioregionaldigital.com.br\/wp-content\/uploads\/2018\/12\/fotof-1-1024x683.jpg 1024w, https:\/\/diarioregionaldigital.com.br\/wp-content\/uploads\/2018\/12\/fotof-1-360x240.jpg 360w\" sizes=\"auto, (max-width: 680px) 100vw, 680px\" \/><p id=\"caption-attachment-127379\" class=\"wp-caption-text\">Eduardo Gomes, Erika Beire e Cac\u00e1 Salermo<\/p><\/div>\n<div id=\"attachment_127380\" style=\"width: 690px\" class=\"wp-caption aligncenter\"><img loading=\"lazy\" decoding=\"async\" aria-describedby=\"caption-attachment-127380\" class=\"wp-image-127380\" src=\"https:\/\/diarioregionaldigital.com.br\/wp-content\/uploads\/2018\/12\/fotog-1-e1543959143555.jpg\" alt=\"\" width=\"680\" height=\"519\" srcset=\"https:\/\/diarioregionaldigital.com.br\/wp-content\/uploads\/2018\/12\/fotog-1-e1543959143555.jpg 3431w, https:\/\/diarioregionaldigital.com.br\/wp-content\/uploads\/2018\/12\/fotog-1-e1543959143555-300x229.jpg 300w, https:\/\/diarioregionaldigital.com.br\/wp-content\/uploads\/2018\/12\/fotog-1-e1543959143555-768x586.jpg 768w, https:\/\/diarioregionaldigital.com.br\/wp-content\/uploads\/2018\/12\/fotog-1-e1543959143555-1024x781.jpg 1024w, https:\/\/diarioregionaldigital.com.br\/wp-content\/uploads\/2018\/12\/fotog-1-e1543959143555-360x275.jpg 360w\" sizes=\"auto, (max-width: 680px) 100vw, 680px\" \/><p id=\"caption-attachment-127380\" class=\"wp-caption-text\">Eduardo Gomes e o super coiffeur Alexandre Henter<\/p><\/div>\n<div id=\"attachment_127381\" style=\"width: 690px\" class=\"wp-caption aligncenter\"><img loading=\"lazy\" decoding=\"async\" aria-describedby=\"caption-attachment-127381\" class=\"wp-image-127381\" src=\"https:\/\/diarioregionaldigital.com.br\/wp-content\/uploads\/2018\/12\/fotoh.jpg\" alt=\"\" width=\"680\" height=\"453\" srcset=\"https:\/\/diarioregionaldigital.com.br\/wp-content\/uploads\/2018\/12\/fotoh.jpg 5184w, https:\/\/diarioregionaldigital.com.br\/wp-content\/uploads\/2018\/12\/fotoh-300x200.jpg 300w, https:\/\/diarioregionaldigital.com.br\/wp-content\/uploads\/2018\/12\/fotoh-768x512.jpg 768w, https:\/\/diarioregionaldigital.com.br\/wp-content\/uploads\/2018\/12\/fotoh-1024x683.jpg 1024w, https:\/\/diarioregionaldigital.com.br\/wp-content\/uploads\/2018\/12\/fotoh-360x240.jpg 360w\" sizes=\"auto, (max-width: 680px) 100vw, 680px\" \/><p id=\"caption-attachment-127381\" class=\"wp-caption-text\">Gilmara Delgado Rocha, Rosenberg Frizeiro e Jo\u00e3o Tavares<\/p><\/div>\n<div id=\"attachment_127382\" style=\"width: 690px\" class=\"wp-caption aligncenter\"><img loading=\"lazy\" decoding=\"async\" aria-describedby=\"caption-attachment-127382\" class=\"wp-image-127382\" src=\"https:\/\/diarioregionaldigital.com.br\/wp-content\/uploads\/2018\/12\/fotoi.jpg\" alt=\"\" width=\"680\" height=\"453\" srcset=\"https:\/\/diarioregionaldigital.com.br\/wp-content\/uploads\/2018\/12\/fotoi.jpg 5184w, https:\/\/diarioregionaldigital.com.br\/wp-content\/uploads\/2018\/12\/fotoi-300x200.jpg 300w, https:\/\/diarioregionaldigital.com.br\/wp-content\/uploads\/2018\/12\/fotoi-768x512.jpg 768w, https:\/\/diarioregionaldigital.com.br\/wp-content\/uploads\/2018\/12\/fotoi-1024x683.jpg 1024w, https:\/\/diarioregionaldigital.com.br\/wp-content\/uploads\/2018\/12\/fotoi-360x240.jpg 360w\" sizes=\"auto, (max-width: 680px) 100vw, 680px\" \/><p id=\"caption-attachment-127382\" class=\"wp-caption-text\">Marcia Quitz, Nequitz Miguel e Eduardo Gomes<\/p><\/div>\n<div id=\"attachment_127384\" style=\"width: 690px\" class=\"wp-caption aligncenter\"><img loading=\"lazy\" decoding=\"async\" aria-describedby=\"caption-attachment-127384\" class=\"wp-image-127384\" src=\"https:\/\/diarioregionaldigital.com.br\/wp-content\/uploads\/2018\/12\/fotol.jpg\" alt=\"\" width=\"680\" height=\"453\" srcset=\"https:\/\/diarioregionaldigital.com.br\/wp-content\/uploads\/2018\/12\/fotol.jpg 5184w, https:\/\/diarioregionaldigital.com.br\/wp-content\/uploads\/2018\/12\/fotol-300x200.jpg 300w, https:\/\/diarioregionaldigital.com.br\/wp-content\/uploads\/2018\/12\/fotol-768x512.jpg 768w, https:\/\/diarioregionaldigital.com.br\/wp-content\/uploads\/2018\/12\/fotol-1024x683.jpg 1024w, https:\/\/diarioregionaldigital.com.br\/wp-content\/uploads\/2018\/12\/fotol-360x240.jpg 360w\" sizes=\"auto, (max-width: 680px) 100vw, 680px\" \/><p id=\"caption-attachment-127384\" class=\"wp-caption-text\">Marlene Bello, Lurdinha Batitucci, M\u00f4nica Gomide Guimar\u00e3es e L\u00facia Abdalla<\/p><\/div>\n<div id=\"attachment_127383\" style=\"width: 690px\" class=\"wp-caption aligncenter\"><img loading=\"lazy\" decoding=\"async\" aria-describedby=\"caption-attachment-127383\" class=\"wp-image-127383\" src=\"https:\/\/diarioregionaldigital.com.br\/wp-content\/uploads\/2018\/12\/fotoj-1-e1543959174180.jpg\" alt=\"\" width=\"680\" height=\"520\" srcset=\"https:\/\/diarioregionaldigital.com.br\/wp-content\/uploads\/2018\/12\/fotoj-1-e1543959174180.jpg 3388w, https:\/\/diarioregionaldigital.com.br\/wp-content\/uploads\/2018\/12\/fotoj-1-e1543959174180-300x229.jpg 300w, https:\/\/diarioregionaldigital.com.br\/wp-content\/uploads\/2018\/12\/fotoj-1-e1543959174180-768x587.jpg 768w, https:\/\/diarioregionaldigital.com.br\/wp-content\/uploads\/2018\/12\/fotoj-1-e1543959174180-1024x783.jpg 1024w, https:\/\/diarioregionaldigital.com.br\/wp-content\/uploads\/2018\/12\/fotoj-1-e1543959174180-360x275.jpg 360w\" sizes=\"auto, (max-width: 680px) 100vw, 680px\" \/><p id=\"caption-attachment-127383\" class=\"wp-caption-text\">Ramon David, Eduardo Gomes, Eduardo Gama e Diego Rodrigues<\/p><\/div>\n<div id=\"attachment_127386\" style=\"width: 690px\" class=\"wp-caption aligncenter\"><img loading=\"lazy\" decoding=\"async\" aria-describedby=\"caption-attachment-127386\" class=\"wp-image-127386\" src=\"https:\/\/diarioregionaldigital.com.br\/wp-content\/uploads\/2018\/12\/foton.jpg\" alt=\"\" width=\"680\" height=\"453\" srcset=\"https:\/\/diarioregionaldigital.com.br\/wp-content\/uploads\/2018\/12\/foton.jpg 5184w, https:\/\/diarioregionaldigital.com.br\/wp-content\/uploads\/2018\/12\/foton-300x200.jpg 300w, https:\/\/diarioregionaldigital.com.br\/wp-content\/uploads\/2018\/12\/foton-768x512.jpg 768w, https:\/\/diarioregionaldigital.com.br\/wp-content\/uploads\/2018\/12\/foton-1024x683.jpg 1024w, https:\/\/diarioregionaldigital.com.br\/wp-content\/uploads\/2018\/12\/foton-360x240.jpg 360w\" sizes=\"auto, (max-width: 680px) 100vw, 680px\" \/><p id=\"caption-attachment-127386\" class=\"wp-caption-text\">Eliane Matta, Eduardo Gomes, Iris C\u00e9sar<\/p><\/div>\n<div id=\"attachment_127387\" style=\"width: 690px\" class=\"wp-caption aligncenter\"><img loading=\"lazy\" decoding=\"async\" aria-describedby=\"caption-attachment-127387\" class=\"wp-image-127387\" src=\"https:\/\/diarioregionaldigital.com.br\/wp-content\/uploads\/2018\/12\/fotoo.jpg\" alt=\"\" width=\"680\" height=\"453\" srcset=\"https:\/\/diarioregionaldigital.com.br\/wp-content\/uploads\/2018\/12\/fotoo.jpg 5184w, https:\/\/diarioregionaldigital.com.br\/wp-content\/uploads\/2018\/12\/fotoo-300x200.jpg 300w, https:\/\/diarioregionaldigital.com.br\/wp-content\/uploads\/2018\/12\/fotoo-768x512.jpg 768w, https:\/\/diarioregionaldigital.com.br\/wp-content\/uploads\/2018\/12\/fotoo-1024x683.jpg 1024w, https:\/\/diarioregionaldigital.com.br\/wp-content\/uploads\/2018\/12\/fotoo-360x240.jpg 360w\" sizes=\"auto, (max-width: 680px) 100vw, 680px\" \/><p id=\"caption-attachment-127387\" class=\"wp-caption-text\">Petterson Gomes, Beto Souza, Bruno Ribeiro do Valle, Eduardo Gomes e Lidiane Stambassi<\/p><\/div>\n<div id=\"attachment_127388\" style=\"width: 690px\" class=\"wp-caption aligncenter\"><img loading=\"lazy\" decoding=\"async\" aria-describedby=\"caption-attachment-127388\" class=\"wp-image-127388\" src=\"https:\/\/diarioregionaldigital.com.br\/wp-content\/uploads\/2018\/12\/fotop.jpg\" alt=\"\" width=\"680\" height=\"453\" srcset=\"https:\/\/diarioregionaldigital.com.br\/wp-content\/uploads\/2018\/12\/fotop.jpg 5184w, https:\/\/diarioregionaldigital.com.br\/wp-content\/uploads\/2018\/12\/fotop-300x200.jpg 300w, https:\/\/diarioregionaldigital.com.br\/wp-content\/uploads\/2018\/12\/fotop-768x512.jpg 768w, https:\/\/diarioregionaldigital.com.br\/wp-content\/uploads\/2018\/12\/fotop-1024x683.jpg 1024w, https:\/\/diarioregionaldigital.com.br\/wp-content\/uploads\/2018\/12\/fotop-360x240.jpg 360w\" sizes=\"auto, (max-width: 680px) 100vw, 680px\" \/><p id=\"caption-attachment-127388\" class=\"wp-caption-text\">La\u00eds Netto, Nayara Netto, Nayane Netto, Elis\u00e2ngela Nogueira e Bruno da Nogueira<\/p><\/div>\n<p style=\"text-align: center;\"><strong>FOTOSS\u00cdNTESE<\/strong><\/p>\n<p>Ser\u00e1 aberto hoje, 5, na C\u00e2mara Municipal, o evento Canta e Encanta, \u00e0s 18h30, com Coral Mater Verbi, dos Meninos Cantores da Academia e Flautistas.<\/p>\n<p>Mobiliza\u00e7\u00e3o elegante no circuito social da cidade, re\u00fane no Marcellu\u2019s &#8211; Aero para a requintada noite Mesas de Natal com renda para a Ascomcer.<\/p>\n<p>Uma da \u00faltimas audi\u00eancias p\u00fablicas da C\u00e2mara Municipal ser\u00e1 na 4\u00aa feira, 5. O ato vai tratar da situa\u00e7\u00e3o da terceiriza\u00e7\u00e3o da Cesama e o vereador e futuro deputado Roberto Cupolillo convidou o presidente da companhia, engenheiro Andr\u00e9 Borges de Souza.<\/p>\n<p>Aten\u00e7\u00e3o: os pre\u00e7os de produtos natalinos chega a 379, 6% em Juiz de Fora. Os mais caros est\u00e3o no quilo de cerejas em calda, uva rubi, figo, carnes nobres e panetones.<\/p>\n<p>Em boa hora, o Corpo de Bombeiros fez a \u00faltima edi\u00e7\u00e3o da Opera\u00e7\u00e3o Alerta Vermelho, nos estabelecimentos de Juiz de Fora, Ub\u00e1, Muria\u00e9, Vi\u00e7osa e Leopoldina.<\/p>\n<p>Agendado pela CBV para 23 de janeiro o in\u00edcio da Superliga B de v\u00f4lei masculino. O JF V\u00f4lei vai participar com uma equipe jovem e o t\u00e9cnico Marcos Henrique do Nascimento espera um torneio equilibrado.<\/p>\n<p>A 18\u00aa turma de formatura em Medicina pela Suprema recebeu o nome da saudosa professora da faculdade Dyle Campello. Ela teve destacada atua\u00e7\u00e3o no ensino da Bio\u00e9tica.<\/p>\n<p>Get\u00falio Mello Ara\u00fajo e Jo\u00e3o C\u00e1ssio Vieira Marques foram festejados pela turma da \u201cSexta Sem Lei\u201d pelos seus anivers\u00e1rios com almo\u00e7o na Chimarron.<\/p>\n<p>Marcello Guimar\u00e3es, J\u00falia Mello, P\u00e9rpetua Marins, Solange Cardoso, Manuelita Per\u00f3n, J\u00fanior Basic e Jordana Halfeld eram presen\u00e7as na lotada plateia do show de Stand.Up do comediante Gustavo Mendes no Emp\u00f3rio Artesanal.<\/p>\n<p>Dona cegonha aprontou de novo. Colocou na chamin\u00e9 de Sabrina Sato e Duda Nagle, a linda estrelinha Zoe. Festejando muito a nova vov\u00f3 jornalista juiz-forana Leda Nagle. Com certeza!<\/p>\n<p>Chamando aten\u00e7\u00e3o no n\u00edver deste colunista no bar do Trade Hotel, a bonita Ana Moura. Passou e deu aquele al\u00f4!<\/p>\n<p>Para analisar: Os descartes e a aten\u00e7\u00e3o redobrada far\u00e3o de seu fim de ano um mar de rosas, se voc\u00ea souber respeit\u00e1-los. Bom dia.<\/p>\n","protected":false},"excerpt":{"rendered":"<p>Homenagens A sede da AABB\/JF vai receber, no dia 5 de dezembro, \u00e0s 19h30, v\u00e1rios esportistas para a noite de homenagens com a entrega do M\u00e9rito Esportivo Panathlon realizado pelo Panathlon Club Juiz de Fora. Atletas, equipes, treinadores, \u00e1rbitros, entidades e ve\u00edculos de imprensa ser\u00e3o homenageados como destaque e que projetaram o esporte durante o [&hellip;]<\/p>\n","protected":false},"author":96,"featured_media":127373,"comment_status":"closed","ping_status":"closed","sticky":false,"template":"","format":"standard","meta":{"footnotes":""},"categories":[264],"tags":[],"class_list":["post-127400","post","type-post","status-publish","format-standard","has-post-thumbnail","hentry","category-eduardo-gomes"],"_links":{"self":[{"href":"https:\/\/diarioregionaldigital.com.br\/index.php?rest_route=\/wp\/v2\/posts\/127400","targetHints":{"allow":["GET"]}}],"collection":[{"href":"https:\/\/diarioregionaldigital.com.br\/index.php?rest_route=\/wp\/v2\/posts"}],"about":[{"href":"https:\/\/diarioregionaldigital.com.br\/index.php?rest_route=\/wp\/v2\/types\/post"}],"author":[{"embeddable":true,"href":"https:\/\/diarioregionaldigital.com.br\/index.php?rest_route=\/wp\/v2\/users\/96"}],"replies":[{"embeddable":true,"href":"https:\/\/diarioregionaldigital.com.br\/index.php?rest_route=%2Fwp%2Fv2%2Fcomments&post=127400"}],"version-history":[{"count":0,"href":"https:\/\/diarioregionaldigital.com.br\/index.php?rest_route=\/wp\/v2\/posts\/127400\/revisions"}],"wp:featuredmedia":[{"embeddable":true,"href":"https:\/\/diarioregionaldigital.com.br\/index.php?rest_route=\/wp\/v2\/media\/127373"}],"wp:attachment":[{"href":"https:\/\/diarioregionaldigital.com.br\/index.php?rest_route=%2Fwp%2Fv2%2Fmedia&parent=127400"}],"wp:term":[{"taxonomy":"category","embeddable":true,"href":"https:\/\/diarioregionaldigital.com.br\/index.php?rest_route=%2Fwp%2Fv2%2Fcategories&post=127400"},{"taxonomy":"post_tag","embeddable":true,"href":"https:\/\/diarioregionaldigital.com.br\/index.php?rest_route=%2Fwp%2Fv2%2Ftags&post=127400"}],"curies":[{"name":"wp","href":"https:\/\/api.w.org\/{rel}","templated":true}]}}