{"id":127394,"date":"2018-12-05T06:00:41","date_gmt":"2018-12-05T08:00:41","guid":{"rendered":"https:\/\/diarioregionaldigital.com.br\/?p=127394"},"modified":"2018-12-04T21:39:25","modified_gmt":"2018-12-04T23:39:25","slug":"ferias-escolares-como-manter-criancas-e-adolescentes-longe-dos-perigos-durante-o-recesso-escolar","status":"publish","type":"post","link":"https:\/\/diarioregionaldigital.com.br\/?p=127394","title":{"rendered":"F\u00c9RIAS ESCOLARES: como manter crian\u00e7as e adolescentes longe dos perigos durante o recesso escolar"},"content":{"rendered":"<p>Dezembro \u00e9 um m\u00eas que carrega consigo o per\u00edodo de f\u00e9rias e o calor do ver\u00e3o. Nesta \u00e9poca do ano, crian\u00e7as e adolescentes t\u00eam mais tempo livre em casa para se divertir, seja em atividades externas, como passeios e piscinas, ou atividades internas, como games e qualquer acesso a tecnologia.<\/p>\n<p>Apesar de ser um per\u00edodo saud\u00e1vel, esse cen\u00e1rio exp\u00f5e a garotada a situa\u00e7\u00f5es perigosas em meio aos momentos de entretenimento e divers\u00e3o. Por este motivo, \u00e9 importante que pais ou respons\u00e1veis e os pr\u00f3prios adolescentes estejam atentos aos principais cuidados para manter a alegria das f\u00e9rias.<\/p>\n<p>Em Juiz de Fora, a Guarda Municipal lan\u00e7ou neste m\u00eas de dezembro um projeto, denominado \u201cF\u00e9rias legal. F\u00e9rias seguras\u201d, com o objetivo de levar as crian\u00e7as e adolescentes das escolas da cidade informa\u00e7\u00f5es sobre seguran\u00e7a neste per\u00edodo de f\u00e9rias. \u201cNeste momento que estamos \u00e0s v\u00e9speras do t\u00e9rmino do ano letivo, n\u00f3s procuramos levar \u00e0s crian\u00e7as e aos adolescentes algumas dicas e orienta\u00e7\u00f5es para que eles possam ter um recesso escolar de forma mais tranquila e com seguran\u00e7a\u201d, explica Emilce de Castro, comandante da Guarda Municipal. O projeto \u00e9 desenvolvido pelo grupo Guardas no Apoio e Preven\u00e7\u00e3o nas Escolas (Gape) e faz parte da comemora\u00e7\u00e3o de 10 anos da Institui\u00e7\u00e3o da Guarda Municipal. Os assuntos variam entre atividades internas e externas, e cuidados necess\u00e1rios para se manter seguro durante as atividades no per\u00edodo de f\u00e9rias. \u201cNeste per\u00edodo de f\u00e9rias notamos que as ocorr\u00eancias de acidentes dom\u00e9sticos aumentam muito, principalmente em rela\u00e7\u00e3o aos objetos que temos dentro de casa, acidente com a crian\u00e7a que quer subir em algum local, por exemplo, e acaba se machucando, queimadura e tamb\u00e9m quest\u00f5es de eletricidade ou \u00e1gua. Abordamos todos os t\u00f3picos que podem trazer riscos a crian\u00e7as e ao adolescente se n\u00e3o tiver um adulto por perto para fazer orienta\u00e7\u00e3o\u201d, disse. Al\u00e9m disso, dicas de tr\u00e2nsito e preven\u00e7\u00e3o ao uso de drogas tamb\u00e9m s\u00e3o refor\u00e7adas durante as palestras nas escolas.<\/p>\n<div id=\"attachment_127396\" style=\"width: 507px\" class=\"wp-caption aligncenter\"><img loading=\"lazy\" decoding=\"async\" aria-describedby=\"caption-attachment-127396\" class=\" wp-image-127396\" src=\"https:\/\/diarioregionaldigital.com.br\/wp-content\/uploads\/2018\/12\/RAFAELA-FRUTUOSO-USAR-ESSA-2-1-300x200.jpg\" alt=\"\" width=\"497\" height=\"331\" srcset=\"https:\/\/diarioregionaldigital.com.br\/wp-content\/uploads\/2018\/12\/RAFAELA-FRUTUOSO-USAR-ESSA-2-1-300x200.jpg 300w, https:\/\/diarioregionaldigital.com.br\/wp-content\/uploads\/2018\/12\/RAFAELA-FRUTUOSO-USAR-ESSA-2-1-768x512.jpg 768w, https:\/\/diarioregionaldigital.com.br\/wp-content\/uploads\/2018\/12\/RAFAELA-FRUTUOSO-USAR-ESSA-2-1-1024x683.jpg 1024w, https:\/\/diarioregionaldigital.com.br\/wp-content\/uploads\/2018\/12\/RAFAELA-FRUTUOSO-USAR-ESSA-2-1-360x240.jpg 360w\" sizes=\"auto, (max-width: 497px) 100vw, 497px\" \/><p id=\"caption-attachment-127396\" class=\"wp-caption-text\">O projeto \u201cF\u00e9rias legal. F\u00e9rias seguras\u201d tem como objetivo de levar as crian\u00e7as e adolescentes das escolas da cidade informa\u00e7\u00f5es sobre seguran\u00e7a neste per\u00edodo de f\u00e9rias. Foto: Rafaela Frutuoso<\/p><\/div>\n<p>A comandante da Guarda Municipal refor\u00e7a que os pais ou respons\u00e1veis precisam estar atentos \u00e0s atividades realizadas pela garotada.<\/p>\n<p>&nbsp;<\/p>\n<p><strong>DENTRO DE CASA<\/strong><\/p>\n<ul>\n<li>Aten\u00e7\u00e3o aos objetos que podem trazer riscos a crian\u00e7a e ao adolescente em casa. \u201cCertificar se eles t\u00eam habilidade para lidar com os utens\u00edlios da cozinha ou com o fog\u00e3o\u201d, explica.<\/li>\n<\/ul>\n<p>&nbsp;<\/p>\n<p><strong>ATIVIDADES AO AR LIVRE: <\/strong><\/p>\n<ul>\n<li>Estar atento as atividades em praias, piscinas ou cachoeiras para que n\u00e3o resulte em acidentes, como afogamento.<\/li>\n<li>Durante brincadeiras realizadas nas ruas, \u00e9 importante estar atento ao tr\u00e2nsito. Emilce ressalta que os pais ou respons\u00e1veis devem verificar as companhias que as crian\u00e7as\/adolescentes estejam brincando. \u201cO que essa companhia pode oferecer?\u201d, indaga a comandante.<\/li>\n<\/ul>\n<p>&nbsp;<\/p>\n<p><strong>USO DA TENCOLOGIA<\/strong><\/p>\n<p>Emilceressalta que \u00e9 importante que os pais ou respons\u00e1veis prestem aten\u00e7\u00e3o nas pessoas com quem as crian\u00e7as ou adolescentes est\u00e3o conversando. \u201cSeja no celular ou no computador. Verificar com quem estavam conversando, quanto tempo e quais eram esses assuntos. Eles est\u00e3o com o tempo muito livre em casa neste per\u00edodo de f\u00e9rias, \u00e9 importante que os pais ou respons\u00e1veis verifiquem o que eles fizeram durante o dia\u201d.<\/p>\n<p>De acordo com dados da Pesquisa Nacional por Amostra de Domic\u00edlios Cont\u00ednua (PnadC), divulgada no in\u00edcio do ano pelo Instituto Brasileiro de Geografia e Estat\u00edstica (IBGE), o Brasil fechou 2016 com 116 milh\u00f5es de pessoas conectadas \u00e0 internet, o equivalente a 64,7% da popula\u00e7\u00e3o com idade acima de 10 anos. Segundo ela, \u00e9 importante que os pais e respons\u00e1veis, e at\u00e9 mesmo a crian\u00e7a ou adolescente, estejam atentos ao tempo gasto utilizando as redes sociais. \u201cExistem outras atividades que podem ser desenvolvidas no dia a dia de forma saud\u00e1vel e prazerosa\u201d, disse. A comandante ainda refor\u00e7a que \u00e9 importante que \u00e0s crian\u00e7as e os adolescentes, caso percebam que algu\u00e9m esteja questionando sobre assuntos de cunho pessoal, comentem com seus respons\u00e1veis. \u201cSempre mostrar para a m\u00e3e, o pai ou o respons\u00e1vel para que eles estejam cientes do que est\u00e1 acontecendo. Com certeza vamos evitar maiores desgastes com outras situa\u00e7\u00f5es que hoje em dia, infelizmente, acontecem com crian\u00e7as e adolescentes\u201d, finaliza.<\/p>\n","protected":false},"excerpt":{"rendered":"<p>Dezembro \u00e9 um m\u00eas que carrega consigo o per\u00edodo de f\u00e9rias e o calor do ver\u00e3o. Nesta \u00e9poca do ano, crian\u00e7as e adolescentes t\u00eam mais tempo livre em casa para se divertir, seja em atividades externas, como passeios e piscinas, ou atividades internas, como games e qualquer acesso a tecnologia. Apesar de ser um per\u00edodo [&hellip;]<\/p>\n","protected":false},"author":96,"featured_media":127395,"comment_status":"closed","ping_status":"closed","sticky":false,"template":"","format":"standard","meta":{"footnotes":""},"categories":[253,436,440,439],"tags":[],"class_list":["post-127394","post","type-post","status-publish","format-standard","has-post-thumbnail","hentry","category-cidade","category-destaque-da-semana","category-destaques-do-dia","category-ultima-hora"],"_links":{"self":[{"href":"https:\/\/diarioregionaldigital.com.br\/index.php?rest_route=\/wp\/v2\/posts\/127394","targetHints":{"allow":["GET"]}}],"collection":[{"href":"https:\/\/diarioregionaldigital.com.br\/index.php?rest_route=\/wp\/v2\/posts"}],"about":[{"href":"https:\/\/diarioregionaldigital.com.br\/index.php?rest_route=\/wp\/v2\/types\/post"}],"author":[{"embeddable":true,"href":"https:\/\/diarioregionaldigital.com.br\/index.php?rest_route=\/wp\/v2\/users\/96"}],"replies":[{"embeddable":true,"href":"https:\/\/diarioregionaldigital.com.br\/index.php?rest_route=%2Fwp%2Fv2%2Fcomments&post=127394"}],"version-history":[{"count":0,"href":"https:\/\/diarioregionaldigital.com.br\/index.php?rest_route=\/wp\/v2\/posts\/127394\/revisions"}],"wp:featuredmedia":[{"embeddable":true,"href":"https:\/\/diarioregionaldigital.com.br\/index.php?rest_route=\/wp\/v2\/media\/127395"}],"wp:attachment":[{"href":"https:\/\/diarioregionaldigital.com.br\/index.php?rest_route=%2Fwp%2Fv2%2Fmedia&parent=127394"}],"wp:term":[{"taxonomy":"category","embeddable":true,"href":"https:\/\/diarioregionaldigital.com.br\/index.php?rest_route=%2Fwp%2Fv2%2Fcategories&post=127394"},{"taxonomy":"post_tag","embeddable":true,"href":"https:\/\/diarioregionaldigital.com.br\/index.php?rest_route=%2Fwp%2Fv2%2Ftags&post=127394"}],"curies":[{"name":"wp","href":"https:\/\/api.w.org\/{rel}","templated":true}]}}