{"id":127371,"date":"2018-12-04T15:22:35","date_gmt":"2018-12-04T17:22:35","guid":{"rendered":"https:\/\/diarioregionaldigital.com.br\/?p=127371"},"modified":"2018-12-04T15:22:35","modified_gmt":"2018-12-04T17:22:35","slug":"secretaria-de-obras-inicia-melhorias-na-captacao-de-aguas-pluviais-no-bairro-monte-castelo","status":"publish","type":"post","link":"https:\/\/diarioregionaldigital.com.br\/?p=127371","title":{"rendered":"Secretaria de Obras inicia melhorias na capta\u00e7\u00e3o de \u00e1guas pluviais no Bairro Monte Castelo"},"content":{"rendered":"<p>A Secretaria de Obras (SO) da Prefeitura de Juiz de Fora (PJF) iniciou a implanta\u00e7\u00e3o de novo trecho de rede de drenagem para capta\u00e7\u00e3o de \u00e1guas pluviais no Bairro Monte Castelo, zona norte. A nova rede ter\u00e1 aproximadamente 20 metros de comprimento, com di\u00e2metro de 60 cent\u00edmetros, beneficiando as ruas Geraldo Gomes Ribeiro e Coronel Quint\u00e3o. A rede existente se mostrava insuficiente para a capta\u00e7\u00e3o de \u00e1guas pluviais. Com isso, alguns moradores acionaram a Secretaria de Obras, que foi at\u00e9 o local, vistoriou e constatou que parte da estrutura deveria ser refeita. A interven\u00e7\u00e3o no local tem como objetivo minimizar poss\u00edveis alagamentos em dias de chuva.<\/p>\n<p>Fonte: PJF<\/p>\n","protected":false},"excerpt":{"rendered":"<p>A Secretaria de Obras (SO) da Prefeitura de Juiz de Fora (PJF) iniciou a implanta\u00e7\u00e3o de novo trecho de rede de drenagem para capta\u00e7\u00e3o de \u00e1guas pluviais no Bairro Monte Castelo, zona norte. A nova rede ter\u00e1 aproximadamente 20 metros de comprimento, com di\u00e2metro de 60 cent\u00edmetros, beneficiando as ruas Geraldo Gomes Ribeiro e Coronel [&hellip;]<\/p>\n","protected":false},"author":96,"featured_media":112697,"comment_status":"closed","ping_status":"closed","sticky":false,"template":"","format":"standard","meta":{"footnotes":""},"categories":[253,436,439],"tags":[],"class_list":["post-127371","post","type-post","status-publish","format-standard","has-post-thumbnail","hentry","category-cidade","category-destaque-da-semana","category-ultima-hora"],"_links":{"self":[{"href":"https:\/\/diarioregionaldigital.com.br\/index.php?rest_route=\/wp\/v2\/posts\/127371","targetHints":{"allow":["GET"]}}],"collection":[{"href":"https:\/\/diarioregionaldigital.com.br\/index.php?rest_route=\/wp\/v2\/posts"}],"about":[{"href":"https:\/\/diarioregionaldigital.com.br\/index.php?rest_route=\/wp\/v2\/types\/post"}],"author":[{"embeddable":true,"href":"https:\/\/diarioregionaldigital.com.br\/index.php?rest_route=\/wp\/v2\/users\/96"}],"replies":[{"embeddable":true,"href":"https:\/\/diarioregionaldigital.com.br\/index.php?rest_route=%2Fwp%2Fv2%2Fcomments&post=127371"}],"version-history":[{"count":0,"href":"https:\/\/diarioregionaldigital.com.br\/index.php?rest_route=\/wp\/v2\/posts\/127371\/revisions"}],"wp:featuredmedia":[{"embeddable":true,"href":"https:\/\/diarioregionaldigital.com.br\/index.php?rest_route=\/wp\/v2\/media\/112697"}],"wp:attachment":[{"href":"https:\/\/diarioregionaldigital.com.br\/index.php?rest_route=%2Fwp%2Fv2%2Fmedia&parent=127371"}],"wp:term":[{"taxonomy":"category","embeddable":true,"href":"https:\/\/diarioregionaldigital.com.br\/index.php?rest_route=%2Fwp%2Fv2%2Fcategories&post=127371"},{"taxonomy":"post_tag","embeddable":true,"href":"https:\/\/diarioregionaldigital.com.br\/index.php?rest_route=%2Fwp%2Fv2%2Ftags&post=127371"}],"curies":[{"name":"wp","href":"https:\/\/api.w.org\/{rel}","templated":true}]}}