{"id":127369,"date":"2018-12-04T15:14:05","date_gmt":"2018-12-04T17:14:05","guid":{"rendered":"https:\/\/diarioregionaldigital.com.br\/?p=127369"},"modified":"2018-12-04T15:14:05","modified_gmt":"2018-12-04T17:14:05","slug":"settra-modifica-transito-no-bairro-sao-mateus-para-cantata-de-natal","status":"publish","type":"post","link":"https:\/\/diarioregionaldigital.com.br\/?p=127369","title":{"rendered":"Settra modifica tr\u00e2nsito no Bairro S\u00e3o Mateus para Cantata de Natal"},"content":{"rendered":"<p>Nesta quarta-feira, 5, a Secretaria de Transporte e Tr\u00e2nsito (Settra) da Prefeitura de Juiz de Fora (PJF) interditar\u00e1 a Rua S\u00e3o Mateus, entre as ruas Coronel Pacheco e Monsenhor Gustavo Freire. A interven\u00e7\u00e3o acontecer\u00e1 das 19 horas \u00e0s 21h30, em virtude da apresenta\u00e7\u00e3o da \u201cCantata de Natal\u201d da Escola Municipal \u201cSanta Catarina Labour\u00e9\u201d. O transporte coletivo tamb\u00e9m ter\u00e1 altera\u00e7\u00f5es.<\/p>\n<p>As linhas 524 (Bairro S\u00e3o Mateus) e 527 (Santa Cec\u00edlia) ter\u00e3o os itiner\u00e1rios alterados. O sentido bairro\/Centro ser\u00e1 feito pelas ruas S\u00e3o Mateus, Coronel Pacheco, Avenida Presidente Itamar Franco e Rua Doutor Romualdo. No sentido oposto, ruas S\u00e3o Mateus e Padre Caf\u00e9, Avenida Presidente Itamar Franco e ruas Professor Freire e S\u00e3o Mateus.<\/p>\n<p>Fonte: PJF<\/p>\n","protected":false},"excerpt":{"rendered":"<p>Nesta quarta-feira, 5, a Secretaria de Transporte e Tr\u00e2nsito (Settra) da Prefeitura de Juiz de Fora (PJF) interditar\u00e1 a Rua S\u00e3o Mateus, entre as ruas Coronel Pacheco e Monsenhor Gustavo Freire. A interven\u00e7\u00e3o acontecer\u00e1 das 19 horas \u00e0s 21h30, em virtude da apresenta\u00e7\u00e3o da \u201cCantata de Natal\u201d da Escola Municipal \u201cSanta Catarina Labour\u00e9\u201d. O transporte [&hellip;]<\/p>\n","protected":false},"author":96,"featured_media":105098,"comment_status":"closed","ping_status":"closed","sticky":false,"template":"","format":"standard","meta":{"footnotes":""},"categories":[253,436,439],"tags":[],"class_list":["post-127369","post","type-post","status-publish","format-standard","has-post-thumbnail","hentry","category-cidade","category-destaque-da-semana","category-ultima-hora"],"_links":{"self":[{"href":"https:\/\/diarioregionaldigital.com.br\/index.php?rest_route=\/wp\/v2\/posts\/127369","targetHints":{"allow":["GET"]}}],"collection":[{"href":"https:\/\/diarioregionaldigital.com.br\/index.php?rest_route=\/wp\/v2\/posts"}],"about":[{"href":"https:\/\/diarioregionaldigital.com.br\/index.php?rest_route=\/wp\/v2\/types\/post"}],"author":[{"embeddable":true,"href":"https:\/\/diarioregionaldigital.com.br\/index.php?rest_route=\/wp\/v2\/users\/96"}],"replies":[{"embeddable":true,"href":"https:\/\/diarioregionaldigital.com.br\/index.php?rest_route=%2Fwp%2Fv2%2Fcomments&post=127369"}],"version-history":[{"count":0,"href":"https:\/\/diarioregionaldigital.com.br\/index.php?rest_route=\/wp\/v2\/posts\/127369\/revisions"}],"wp:featuredmedia":[{"embeddable":true,"href":"https:\/\/diarioregionaldigital.com.br\/index.php?rest_route=\/wp\/v2\/media\/105098"}],"wp:attachment":[{"href":"https:\/\/diarioregionaldigital.com.br\/index.php?rest_route=%2Fwp%2Fv2%2Fmedia&parent=127369"}],"wp:term":[{"taxonomy":"category","embeddable":true,"href":"https:\/\/diarioregionaldigital.com.br\/index.php?rest_route=%2Fwp%2Fv2%2Fcategories&post=127369"},{"taxonomy":"post_tag","embeddable":true,"href":"https:\/\/diarioregionaldigital.com.br\/index.php?rest_route=%2Fwp%2Fv2%2Ftags&post=127369"}],"curies":[{"name":"wp","href":"https:\/\/api.w.org\/{rel}","templated":true}]}}