{"id":127367,"date":"2018-12-04T14:54:51","date_gmt":"2018-12-04T16:54:51","guid":{"rendered":"https:\/\/diarioregionaldigital.com.br\/?p=127367"},"modified":"2018-12-04T14:54:51","modified_gmt":"2018-12-04T16:54:51","slug":"policia-civil-e-militar-se-unem-em-acao-de-combate-ao-trafico-de-drogas-em-ibitipoca","status":"publish","type":"post","link":"https:\/\/diarioregionaldigital.com.br\/?p=127367","title":{"rendered":"Pol\u00edcia Civil e Militar se unem em a\u00e7\u00e3o de combate ao tr\u00e1fico de drogas em Ibitipoca"},"content":{"rendered":"<p>Nesta ter\u00e7a-feira, 04, as Pol\u00edcias Civil e Militar desencadearam uma a\u00e7\u00e3o de combate ao tr\u00e1fico de drogas em Ibitipoca, Lima Duarte, com o cumprimento de mandados de busca e apreens\u00e3o e de pris\u00e3o no distrito e na cidade de Juiz de Fora.<\/p>\n<p>Conforme informa\u00e7\u00f5es do Delegado Jos\u00e9 M\u00e1rcio de Almeida Lopes, foram cumpridos oito mandados de busca e apreens\u00e3o e quatro mandados de pris\u00e3o. \u201cA opera\u00e7\u00e3o de hoje realizou a pris\u00e3o, em Juiz de Fora, de C.F.C.P., vulgo \u201cTi\u00e3o\u201d, de 30 anos de idade, um dos principais distribuidores de drogas em Ibitipoca, investigados j\u00e1 h\u00e1 quatro meses\u201d, informou. Durante a a\u00e7\u00e3o, foram apreendidos maconha e quatro ve\u00edculos, entre eles, dois carros e duas motos.<\/p>\n<p>Ainda conforme o Delegado, um dos alvos da opera\u00e7\u00e3o j\u00e1 se encontrava preso em unidade prisional em Juiz de Fora. A investiga\u00e7\u00e3o apurou como se dava o elo entre o distribuidor e o respons\u00e1vel pela venda de drogas no Distrito de Ibitipoca. \u201cA a\u00e7\u00e3o realizada faz parte de uma for\u00e7a-tarefa entre Pol\u00edcia Civil e Pol\u00edcia Militar, montada nos \u00faltimos meses para atuar em Ibitipoca. Al\u00e9m das quatro pris\u00f5es realizadas na data de hoje, j\u00e1 culminou na pris\u00e3o de pessoas pela pr\u00e1tica dos crimes de tr\u00e1fico de drogas, amea\u00e7a e posse ilegal de arma de fogo\u201d, explicou, ressaltando que tamb\u00e9m resultou na apura\u00e7\u00e3o de um autor de furtos na localidade, na recupera\u00e7\u00e3o e apreens\u00e3o de uma pistola 9MM, bem como no combate aos crimes de menor potencial ofensivo.<\/p>\n<p>Fonte: Assessoria Pol\u00edcia Civil<\/p>\n","protected":false},"excerpt":{"rendered":"<p>Nesta ter\u00e7a-feira, 04, as Pol\u00edcias Civil e Militar desencadearam uma a\u00e7\u00e3o de combate ao tr\u00e1fico de drogas em Ibitipoca, Lima Duarte, com o cumprimento de mandados de busca e apreens\u00e3o e de pris\u00e3o no distrito e na cidade de Juiz de Fora. Conforme informa\u00e7\u00f5es do Delegado Jos\u00e9 M\u00e1rcio de Almeida Lopes, foram cumpridos oito mandados [&hellip;]<\/p>\n","protected":false},"author":96,"featured_media":95105,"comment_status":"closed","ping_status":"closed","sticky":false,"template":"","format":"standard","meta":{"footnotes":""},"categories":[436,252,439],"tags":[],"class_list":["post-127367","post","type-post","status-publish","format-standard","has-post-thumbnail","hentry","category-destaque-da-semana","category-regiao","category-ultima-hora"],"_links":{"self":[{"href":"https:\/\/diarioregionaldigital.com.br\/index.php?rest_route=\/wp\/v2\/posts\/127367","targetHints":{"allow":["GET"]}}],"collection":[{"href":"https:\/\/diarioregionaldigital.com.br\/index.php?rest_route=\/wp\/v2\/posts"}],"about":[{"href":"https:\/\/diarioregionaldigital.com.br\/index.php?rest_route=\/wp\/v2\/types\/post"}],"author":[{"embeddable":true,"href":"https:\/\/diarioregionaldigital.com.br\/index.php?rest_route=\/wp\/v2\/users\/96"}],"replies":[{"embeddable":true,"href":"https:\/\/diarioregionaldigital.com.br\/index.php?rest_route=%2Fwp%2Fv2%2Fcomments&post=127367"}],"version-history":[{"count":0,"href":"https:\/\/diarioregionaldigital.com.br\/index.php?rest_route=\/wp\/v2\/posts\/127367\/revisions"}],"wp:featuredmedia":[{"embeddable":true,"href":"https:\/\/diarioregionaldigital.com.br\/index.php?rest_route=\/wp\/v2\/media\/95105"}],"wp:attachment":[{"href":"https:\/\/diarioregionaldigital.com.br\/index.php?rest_route=%2Fwp%2Fv2%2Fmedia&parent=127367"}],"wp:term":[{"taxonomy":"category","embeddable":true,"href":"https:\/\/diarioregionaldigital.com.br\/index.php?rest_route=%2Fwp%2Fv2%2Fcategories&post=127367"},{"taxonomy":"post_tag","embeddable":true,"href":"https:\/\/diarioregionaldigital.com.br\/index.php?rest_route=%2Fwp%2Fv2%2Ftags&post=127367"}],"curies":[{"name":"wp","href":"https:\/\/api.w.org\/{rel}","templated":true}]}}