{"id":127359,"date":"2018-12-04T14:03:51","date_gmt":"2018-12-04T16:03:51","guid":{"rendered":"https:\/\/diarioregionaldigital.com.br\/?p=127359"},"modified":"2018-12-04T14:03:51","modified_gmt":"2018-12-04T16:03:51","slug":"medicamento-para-hipertensao-e-controle-de-edemas-pode-causar-cancer","status":"publish","type":"post","link":"https:\/\/diarioregionaldigital.com.br\/?p=127359","title":{"rendered":"Medicamento para hipertens\u00e3o e controle de edemas pode causar c\u00e2ncer"},"content":{"rendered":"<p>A Ag\u00eancia Nacional de Vigil\u00e2ncia Sanit\u00e1ria (Anvisa) divulgou hoje, 4, um alerta para o aumento do risco de c\u00e2ncer de pele n\u00e3o-melanoma decorrente do uso cumulativo do medicamento hidroclorotiazida, utilizado para tratamento da hipertens\u00e3o arterial e para controle de edemas.<\/p>\n<p>\u201cA descoberta foi realizada por meio de estudos epidemiol\u00f3gicos que demonstraram uma associa\u00e7\u00e3o dose-dependente cumulativa \u2014 que ocorre quando a dose utilizada de um determinado medicamento est\u00e1 diretamente relacionada com seus efeitos \u2014 entre o medicamento em quest\u00e3o e o c\u00e2ncer de pele n\u00e3o-melanoma\u201d, informou a Anvisa.<\/p>\n<p>De acordo com a ag\u00eancia, em um dos estudos, foi poss\u00edvel notar tamb\u00e9m uma poss\u00edvel associa\u00e7\u00e3o entre c\u00e2ncer de l\u00e1bio e a exposi\u00e7\u00e3o ao medicamento. \u201cA\u00e7\u00f5es fotossensibilizadoras da hidroclorotiazida, que facilitam a sua absor\u00e7\u00e3o pela pele, podem atuar como um poss\u00edvel mecanismo para a doen\u00e7a\u201d.<\/p>\n<p>A Anvisa considerou ainda as recomenda\u00e7\u00f5es do Comit\u00ea de Avalia\u00e7\u00e3o de Riscos em Farmacovigil\u00e2ncia da Ag\u00eancia Europeia de Medicamentos para classificar como plaus\u00edvel a associa\u00e7\u00e3o entre o aumento do risco de c\u00e2ncer de pele n\u00e3o-melanoma e o uso em longo prazo de medicamentos contendo hidroclorotiazida.<\/p>\n<h2>Recomenda\u00e7\u00f5es<\/h2>\n<p>Por meio de comunicado, a ag\u00eancia solicitou que os profissionais de sa\u00fade informem aos pacientes tratados com hidroclorotiazida sobre o risco de c\u00e2ncer de pele \u2013 sobretudo aqueles que j\u00e1 fazem uso do f\u00e1rmaco em longo prazo. Eles tamb\u00e9m devem ser orientados a verificar regularmente a pele quanto a novas les\u00f5es e a notificar imediatamente o profissional sobre qualquer tipo de les\u00e3o cut\u00e2nea suspeita.<\/p>\n<p>A orienta\u00e7\u00e3o da Anvisa \u00e9 que o tratamento n\u00e3o seja interrompido antes que os pacientes consultem o m\u00e9dico. \u201cLes\u00f5es cut\u00e2neas suspeitas devem ser prontamente examinadas, incluindo exame histol\u00f3gico de bi\u00f3psias. Medidas preventivas, tais como limita\u00e7\u00e3o da exposi\u00e7\u00e3o \u00e0 luz solar e aos raios ultravioleta, podem ser realizadas no intuito de minimizar o risco de c\u00e2ncer de pele. O uso de hidroclorotiazida pode ser revisto em pacientes com hist\u00f3rico de c\u00e2ncer de pele n\u00e3o-melanoma\u201d.<\/p>\n<p>A inclus\u00e3o das novas informa\u00e7\u00f5es de seguran\u00e7a nas bulas de todos os medicamentos que cont\u00eam o princ\u00edpio ativo hidroclorotiazida ser\u00e1 imediatamente solicitada pela ag\u00eancia.<\/p>\n<h2>C\u00e2ncer de pele<\/h2>\n<p>O c\u00e2ncer de pele n\u00e3o-melanoma compreende os tumores mais comuns, que ocorrem principalmente em pessoas de pele clara, ap\u00f3s exposi\u00e7\u00e3o solar por longo tempo. Geralmente, apresentam apenas crescimento local, mas n\u00e3o cicatrizam ou se curam sem tratamento e tendem a aumentar com o tempo, podendo causar deforma\u00e7\u00e3o, dor e sangramento.<\/p>\n<p>Dados do Instituto Nacional do C\u00e2ncer (Inca) indicam que esse \u00e9 o tipo de c\u00e2ncer mais frequente no Brasil e corresponde a 30% de todos os tumores malignos registrados no pa\u00eds. Se detectado precocemente, a doen\u00e7a apresenta altos percentuais de cura. Entre os tumores de pele, o tipo n\u00e3o-melanoma \u00e9 o de maior incid\u00eancia e de mais baixa mortalidade.<\/p>\n<h2>Monitoramento<\/h2>\n<p>A Anvisa informou que monitora continuamente os medicamentos comercializados no Brasil e refor\u00e7ou que profissionais de sa\u00fade e pacientes notifiquem os eventos adversos ocorridos com o uso de qualquer medicamento.<\/p>\n<p>A comunica\u00e7\u00e3o de suspeitas de eventos adversos pelos pacientes pode ser feita por <a href=\"http:\/\/www16.anvisa.gov.br\/notivisaServicos\/cidadao\/notificacao\/evento-adverso\" target=\"_blank\" rel=\"noopener\">meio do formul\u00e1rio<\/a>, pela Central de Atendimento ao P\u00fablico (0800 642 9782) ou pela\u00a0Ouvidoria (ouvidori@tende)<\/p>\n<p>Para os profissionais de sa\u00fade, a Anvisa disponibiliza o sistema\u00a0<a href=\"http:\/\/portal.anvisa.gov.br\/farmacovigilancia\/como-notificar\" target=\"_blank\" rel=\"noopener\">Notivisa<\/a> em caso de notifica\u00e7\u00e3o de eventos adversos.<\/p>\n<p>Fonte: Ag\u00eancia Brasil<\/p>\n","protected":false},"excerpt":{"rendered":"<p>A Ag\u00eancia Nacional de Vigil\u00e2ncia Sanit\u00e1ria (Anvisa) divulgou hoje, 4, um alerta para o aumento do risco de c\u00e2ncer de pele n\u00e3o-melanoma decorrente do uso cumulativo do medicamento hidroclorotiazida, utilizado para tratamento da hipertens\u00e3o arterial e para controle de edemas. \u201cA descoberta foi realizada por meio de estudos epidemiol\u00f3gicos que demonstraram uma associa\u00e7\u00e3o dose-dependente cumulativa [&hellip;]<\/p>\n","protected":false},"author":96,"featured_media":127360,"comment_status":"closed","ping_status":"closed","sticky":false,"template":"","format":"standard","meta":{"footnotes":""},"categories":[436,254,439],"tags":[],"class_list":["post-127359","post","type-post","status-publish","format-standard","has-post-thumbnail","hentry","category-destaque-da-semana","category-politica","category-ultima-hora"],"_links":{"self":[{"href":"https:\/\/diarioregionaldigital.com.br\/index.php?rest_route=\/wp\/v2\/posts\/127359","targetHints":{"allow":["GET"]}}],"collection":[{"href":"https:\/\/diarioregionaldigital.com.br\/index.php?rest_route=\/wp\/v2\/posts"}],"about":[{"href":"https:\/\/diarioregionaldigital.com.br\/index.php?rest_route=\/wp\/v2\/types\/post"}],"author":[{"embeddable":true,"href":"https:\/\/diarioregionaldigital.com.br\/index.php?rest_route=\/wp\/v2\/users\/96"}],"replies":[{"embeddable":true,"href":"https:\/\/diarioregionaldigital.com.br\/index.php?rest_route=%2Fwp%2Fv2%2Fcomments&post=127359"}],"version-history":[{"count":0,"href":"https:\/\/diarioregionaldigital.com.br\/index.php?rest_route=\/wp\/v2\/posts\/127359\/revisions"}],"wp:featuredmedia":[{"embeddable":true,"href":"https:\/\/diarioregionaldigital.com.br\/index.php?rest_route=\/wp\/v2\/media\/127360"}],"wp:attachment":[{"href":"https:\/\/diarioregionaldigital.com.br\/index.php?rest_route=%2Fwp%2Fv2%2Fmedia&parent=127359"}],"wp:term":[{"taxonomy":"category","embeddable":true,"href":"https:\/\/diarioregionaldigital.com.br\/index.php?rest_route=%2Fwp%2Fv2%2Fcategories&post=127359"},{"taxonomy":"post_tag","embeddable":true,"href":"https:\/\/diarioregionaldigital.com.br\/index.php?rest_route=%2Fwp%2Fv2%2Ftags&post=127359"}],"curies":[{"name":"wp","href":"https:\/\/api.w.org\/{rel}","templated":true}]}}