{"id":127086,"date":"2018-11-30T12:57:32","date_gmt":"2018-11-30T14:57:32","guid":{"rendered":"https:\/\/diarioregionaldigital.com.br\/?p=127086"},"modified":"2018-11-30T12:57:32","modified_gmt":"2018-11-30T14:57:32","slug":"temer-defende-omc-mais-atuante-contra-o-protecionismo","status":"publish","type":"post","link":"https:\/\/diarioregionaldigital.com.br\/?p=127086","title":{"rendered":"Temer defende OMC mais atuante contra o protecionismo"},"content":{"rendered":"<p>Em pronunciamento durante reuni\u00e3o informal do Brics, grupo formado por Brasil, R\u00fassia, \u00cdndia, China e \u00c1frica do Sul, por ocasi\u00e3o do encontro do G20 em Buenos Aires, nesta sexta-feira, 30, o presidente da Rep\u00fablica, Michel Temer, defendeu que a Organiza\u00e7\u00e3o Mundial do Com\u00e9rcio seja mais forte e atuante.<\/p>\n<p>\u201cIndividual e conjuntamente levantamos nossas vozes contra o protecionismo e em defesa de um sistema internacional de com\u00e9rcio baseado em regras. Reafirmamos nosso respaldo \u00e0 Organiza\u00e7\u00e3o Mundial do Com\u00e9rcio e a seu mecanismo de solu\u00e7\u00e3o de controv\u00e9rsias e estamos dispostos a dar nosso aporte a debates que tenham lugar na pr\u00f3pria Organiza\u00e7\u00e3o Mundial do Com\u00e9rcio sobre o futuro de uma organiza\u00e7\u00e3o que queremos mais forte e mais atuante\u201d.<\/p>\n<p>Temer acrescentou que passados 10 anos da crise economia de 2008 novamente o momento atual \u00e9 desafiador. \u201cN\u00e3o s\u00e3o os mesmos desafios, mas s\u00e3o desafios tamb\u00e9m coletivos, que passam por tend\u00eancias ao protecionismo, ao isolacionismo e ao unilateralismo e que portanto exigem como antes respostas coletivas. Exigem que nos mantenhamos apegados \u00e0 mesma ideia singela mas poderosa, ideia singela de unirmos esfor\u00e7os\u201d, avaliou.<\/p>\n<h2>Transi\u00e7\u00e3o<\/h2>\n<p>O presidente aproveitou o discurso para dizer que est\u00e1 se despedindo e que o Brasil est\u00e1 em fase de transi\u00e7\u00e3o de governo. Temer disse que convidou o presidente eleito, Jair Bolsonaro, a acompanh\u00e1-lo ao evento, mas ele n\u00e3o p\u00f4de comparecer. &#8220;Naturalmente, em seu nome, do presidente eleito, na convic\u00e7\u00e3o mais absoluta de que ele ter\u00e1 uma participa\u00e7\u00e3o muito ativa no Brics, eu transmito os seus cumprimentos e a mensagem de que ter\u00e1 grande prazer em receb\u00ea-los no Brasil no pr\u00f3ximo ano, por ocasi\u00e3o da c\u00fapula do Brics&#8221;, disse Temer.<\/p>\n<p>O Brasil assume a presid\u00eancia rotativa dos Brics no ano que vem, quando sediar\u00e1 a 11\u00aa c\u00fapula do grupo.<\/p>\n<p>Fonte: Ag\u00eancia Brasil<\/p>\n","protected":false},"excerpt":{"rendered":"<p>Em pronunciamento durante reuni\u00e3o informal do Brics, grupo formado por Brasil, R\u00fassia, \u00cdndia, China e \u00c1frica do Sul, por ocasi\u00e3o do encontro do G20 em Buenos Aires, nesta sexta-feira, 30, o presidente da Rep\u00fablica, Michel Temer, defendeu que a Organiza\u00e7\u00e3o Mundial do Com\u00e9rcio seja mais forte e atuante. \u201cIndividual e conjuntamente levantamos nossas vozes contra [&hellip;]<\/p>\n","protected":false},"author":96,"featured_media":108361,"comment_status":"closed","ping_status":"closed","sticky":false,"template":"","format":"standard","meta":{"footnotes":""},"categories":[436,254,439],"tags":[],"class_list":["post-127086","post","type-post","status-publish","format-standard","has-post-thumbnail","hentry","category-destaque-da-semana","category-politica","category-ultima-hora"],"_links":{"self":[{"href":"https:\/\/diarioregionaldigital.com.br\/index.php?rest_route=\/wp\/v2\/posts\/127086","targetHints":{"allow":["GET"]}}],"collection":[{"href":"https:\/\/diarioregionaldigital.com.br\/index.php?rest_route=\/wp\/v2\/posts"}],"about":[{"href":"https:\/\/diarioregionaldigital.com.br\/index.php?rest_route=\/wp\/v2\/types\/post"}],"author":[{"embeddable":true,"href":"https:\/\/diarioregionaldigital.com.br\/index.php?rest_route=\/wp\/v2\/users\/96"}],"replies":[{"embeddable":true,"href":"https:\/\/diarioregionaldigital.com.br\/index.php?rest_route=%2Fwp%2Fv2%2Fcomments&post=127086"}],"version-history":[{"count":0,"href":"https:\/\/diarioregionaldigital.com.br\/index.php?rest_route=\/wp\/v2\/posts\/127086\/revisions"}],"wp:featuredmedia":[{"embeddable":true,"href":"https:\/\/diarioregionaldigital.com.br\/index.php?rest_route=\/wp\/v2\/media\/108361"}],"wp:attachment":[{"href":"https:\/\/diarioregionaldigital.com.br\/index.php?rest_route=%2Fwp%2Fv2%2Fmedia&parent=127086"}],"wp:term":[{"taxonomy":"category","embeddable":true,"href":"https:\/\/diarioregionaldigital.com.br\/index.php?rest_route=%2Fwp%2Fv2%2Fcategories&post=127086"},{"taxonomy":"post_tag","embeddable":true,"href":"https:\/\/diarioregionaldigital.com.br\/index.php?rest_route=%2Fwp%2Fv2%2Ftags&post=127086"}],"curies":[{"name":"wp","href":"https:\/\/api.w.org\/{rel}","templated":true}]}}