{"id":127068,"date":"2018-11-30T12:27:27","date_gmt":"2018-11-30T14:27:27","guid":{"rendered":"https:\/\/diarioregionaldigital.com.br\/?p=127068"},"modified":"2018-11-30T12:27:27","modified_gmt":"2018-11-30T14:27:27","slug":"turma-do-stf-julga-terca-feira-mais-um-pedido-de-habeas-corpus-de-lula","status":"publish","type":"post","link":"https:\/\/diarioregionaldigital.com.br\/?p=127068","title":{"rendered":"Turma do STF julga ter\u00e7a-feira mais um pedido de habeas corpus de Lula"},"content":{"rendered":"<p>A Segunda Turma do Supremo Tribunal Federal (STF) marcou para a pr\u00f3xima ter\u00e7a-feira, 4, o julgamento de mais um pedido de liberdade feito pela defesa do ex-presidente Luiz In\u00e1cio Lula da Silva. O processo estava liberado para julgamento pelo relator, ministro Edson Fachin.<\/p>\n<p>Fazem parte do colegiado os ministros Gilmar Mendes, Celso de Mello, C\u00e1rmen L\u00facia, Fachin e o presidente, Ricardo Lewandowski.<\/p>\n<p>No\u00a0<em>habeas corpus<\/em>, Os advogados de Lula argumentam que a indica\u00e7\u00e3o do juiz federal Sergio Moro para o governo do presidente eleito Jair Bolsonaro demonstra parcialidade do magistrado e tamb\u00e9m que ele agiu \u201cpoliticamente\u201d. Moro ir\u00e1 assumir o Minist\u00e9rio da Justi\u00e7a em janeiro.<\/p>\n<p>A defesa de Lula quer que seja reconhecida a suspei\u00e7\u00e3o de Moro para julgar processos contra o ex-presidente e que sejam considerados nulos todos os atos processuais que resultaram na condena\u00e7\u00e3o deste no caso do triplex do Guaruj\u00e1 (SP).<\/p>\n<p>Lula est\u00e1 preso desde 7 de abril na Superintend\u00eancia da Pol\u00edcia Federal em Curitiba, ap\u00f3s ter sua condena\u00e7\u00e3o no caso confirmada pelo Tribunal Regional Federal 4\u00aa Regi\u00e3o (TRF4), que imp\u00f4s pena de 12 anos e um m\u00eas de pris\u00e3o ao ex-presidente, pelos crimes de corrup\u00e7\u00e3o passiva e lavagem de dinheiro.<\/p>\n<p>Respons\u00e1vel pelos processos da Lava Jato na 13\u00aa Vara Criminal de Curitiba, Sergio Moro\u00a0nega qualquer irregularidade em sua conduta\u00a0e diz que a\u00a0decis\u00e3o de participar do futuro governo ocorreu depois de medidas\u00a0tomadas por ele, como o julgamento do ex-presidente Lula.<\/p>\n<p>Fonte: Ag\u00eancia Brasil<\/p>\n","protected":false},"excerpt":{"rendered":"<p>A Segunda Turma do Supremo Tribunal Federal (STF) marcou para a pr\u00f3xima ter\u00e7a-feira, 4, o julgamento de mais um pedido de liberdade feito pela defesa do ex-presidente Luiz In\u00e1cio Lula da Silva. O processo estava liberado para julgamento pelo relator, ministro Edson Fachin. Fazem parte do colegiado os ministros Gilmar Mendes, Celso de Mello, C\u00e1rmen [&hellip;]<\/p>\n","protected":false},"author":96,"featured_media":110731,"comment_status":"closed","ping_status":"closed","sticky":false,"template":"","format":"standard","meta":{"footnotes":""},"categories":[436,254,439],"tags":[],"class_list":["post-127068","post","type-post","status-publish","format-standard","has-post-thumbnail","hentry","category-destaque-da-semana","category-politica","category-ultima-hora"],"_links":{"self":[{"href":"https:\/\/diarioregionaldigital.com.br\/index.php?rest_route=\/wp\/v2\/posts\/127068","targetHints":{"allow":["GET"]}}],"collection":[{"href":"https:\/\/diarioregionaldigital.com.br\/index.php?rest_route=\/wp\/v2\/posts"}],"about":[{"href":"https:\/\/diarioregionaldigital.com.br\/index.php?rest_route=\/wp\/v2\/types\/post"}],"author":[{"embeddable":true,"href":"https:\/\/diarioregionaldigital.com.br\/index.php?rest_route=\/wp\/v2\/users\/96"}],"replies":[{"embeddable":true,"href":"https:\/\/diarioregionaldigital.com.br\/index.php?rest_route=%2Fwp%2Fv2%2Fcomments&post=127068"}],"version-history":[{"count":0,"href":"https:\/\/diarioregionaldigital.com.br\/index.php?rest_route=\/wp\/v2\/posts\/127068\/revisions"}],"wp:featuredmedia":[{"embeddable":true,"href":"https:\/\/diarioregionaldigital.com.br\/index.php?rest_route=\/wp\/v2\/media\/110731"}],"wp:attachment":[{"href":"https:\/\/diarioregionaldigital.com.br\/index.php?rest_route=%2Fwp%2Fv2%2Fmedia&parent=127068"}],"wp:term":[{"taxonomy":"category","embeddable":true,"href":"https:\/\/diarioregionaldigital.com.br\/index.php?rest_route=%2Fwp%2Fv2%2Fcategories&post=127068"},{"taxonomy":"post_tag","embeddable":true,"href":"https:\/\/diarioregionaldigital.com.br\/index.php?rest_route=%2Fwp%2Fv2%2Ftags&post=127068"}],"curies":[{"name":"wp","href":"https:\/\/api.w.org\/{rel}","templated":true}]}}