{"id":127066,"date":"2018-11-30T12:24:49","date_gmt":"2018-11-30T14:24:49","guid":{"rendered":"https:\/\/diarioregionaldigital.com.br\/?p=127066"},"modified":"2018-11-30T12:24:49","modified_gmt":"2018-11-30T14:24:49","slug":"almirante-bento-albuquerque-junior-e-confirmado-para-minas-e-energia","status":"publish","type":"post","link":"https:\/\/diarioregionaldigital.com.br\/?p=127066","title":{"rendered":"Almirante Bento Albuquerque Junior \u00e9 confirmado para Minas e Energia"},"content":{"rendered":"<p>O almirante Bento Costa Lima Leite de Albuquerque J\u00fanior assumir\u00e1 o Minist\u00e9rio de Minas e Energia. A confirma\u00e7\u00e3o foi anunciada hoje, 30, pelo presidente eleito, Jair Bolsonaro, na sua conta no Twitter.<\/p>\n<p>O almirante-de-esquadra \u00e9 atualmente diretor-geral de Desenvolvimento Nuclear e Tecnol\u00f3gico da Marinha.<\/p>\n<p>Nascido no Rio de Janeiro, Bento Costa Lima Leite de Albuquerque J\u00fanior come\u00e7ou a carreira na Marinha em 1973. Foi comandante em chefe da Esquadra, chefe de gabinete do Comando da Marinha e comandante da For\u00e7a de Submarinos Brasileira.<\/p>\n<p>No exterior, o almirante atuou como observador militar das for\u00e7as de paz das Na\u00e7\u00f5es Unidas em Sarajevo, na B\u00f3snia-Herzegovina.<\/p>\n<p>Ele \u00e9 o\u00a0vig\u00e9simo nome\u00a0de ministro anunciado. A previs\u00e3o \u00e9 que permane\u00e7am 22 minist\u00e9rios, dos atuais 29. A inten\u00e7\u00e3o de Bolsonaro \u00e9 enxugar as pastas para economizar recursos.<\/p>\n<h2>Repercuss\u00e3o<\/h2>\n<p>O atual ministro de Minas e Energia, Moreira Franco, elogiou hoje, 30,\u00a0na sua conta do Twitter, a confirma\u00e7\u00e3o do almirante para a pasta. \u201c[O] presidente Bolsonaro acertou na indica\u00e7\u00e3o do Almirante Bento para o MME. Muito bem preparado para as responsabilidades t\u00e9cnicas e de comando do setor. Conhece o funcionamento e os desafios da conviv\u00eancia no parlamento e \u00e9 de uma fam\u00edlia de superdotados.\u201d<\/p>\n<p>Fonte: Ag\u00eancia Brasil<\/p>\n","protected":false},"excerpt":{"rendered":"<p>O almirante Bento Costa Lima Leite de Albuquerque J\u00fanior assumir\u00e1 o Minist\u00e9rio de Minas e Energia. A confirma\u00e7\u00e3o foi anunciada hoje, 30, pelo presidente eleito, Jair Bolsonaro, na sua conta no Twitter. O almirante-de-esquadra \u00e9 atualmente diretor-geral de Desenvolvimento Nuclear e Tecnol\u00f3gico da Marinha. Nascido no Rio de Janeiro, Bento Costa Lima Leite de Albuquerque [&hellip;]<\/p>\n","protected":false},"author":96,"featured_media":97343,"comment_status":"closed","ping_status":"closed","sticky":false,"template":"","format":"standard","meta":{"footnotes":""},"categories":[436,254,439],"tags":[],"class_list":["post-127066","post","type-post","status-publish","format-standard","has-post-thumbnail","hentry","category-destaque-da-semana","category-politica","category-ultima-hora"],"_links":{"self":[{"href":"https:\/\/diarioregionaldigital.com.br\/index.php?rest_route=\/wp\/v2\/posts\/127066","targetHints":{"allow":["GET"]}}],"collection":[{"href":"https:\/\/diarioregionaldigital.com.br\/index.php?rest_route=\/wp\/v2\/posts"}],"about":[{"href":"https:\/\/diarioregionaldigital.com.br\/index.php?rest_route=\/wp\/v2\/types\/post"}],"author":[{"embeddable":true,"href":"https:\/\/diarioregionaldigital.com.br\/index.php?rest_route=\/wp\/v2\/users\/96"}],"replies":[{"embeddable":true,"href":"https:\/\/diarioregionaldigital.com.br\/index.php?rest_route=%2Fwp%2Fv2%2Fcomments&post=127066"}],"version-history":[{"count":0,"href":"https:\/\/diarioregionaldigital.com.br\/index.php?rest_route=\/wp\/v2\/posts\/127066\/revisions"}],"wp:featuredmedia":[{"embeddable":true,"href":"https:\/\/diarioregionaldigital.com.br\/index.php?rest_route=\/wp\/v2\/media\/97343"}],"wp:attachment":[{"href":"https:\/\/diarioregionaldigital.com.br\/index.php?rest_route=%2Fwp%2Fv2%2Fmedia&parent=127066"}],"wp:term":[{"taxonomy":"category","embeddable":true,"href":"https:\/\/diarioregionaldigital.com.br\/index.php?rest_route=%2Fwp%2Fv2%2Fcategories&post=127066"},{"taxonomy":"post_tag","embeddable":true,"href":"https:\/\/diarioregionaldigital.com.br\/index.php?rest_route=%2Fwp%2Fv2%2Ftags&post=127066"}],"curies":[{"name":"wp","href":"https:\/\/api.w.org\/{rel}","templated":true}]}}