{"id":127058,"date":"2018-11-30T11:58:17","date_gmt":"2018-11-30T13:58:17","guid":{"rendered":"https:\/\/diarioregionaldigital.com.br\/?p=127058"},"modified":"2018-11-30T11:58:17","modified_gmt":"2018-11-30T13:58:17","slug":"desemprego-recua-para-117-no-brasil","status":"publish","type":"post","link":"https:\/\/diarioregionaldigital.com.br\/?p=127058","title":{"rendered":"Desemprego recua para 11,7% no Brasil"},"content":{"rendered":"<p>A taxa de desemprego no Brasil recuou para 11,7% no trimestre encerrado em outubro. O \u00edndice caiu 0,6 ponto percentual em compara\u00e7\u00e3o ao trimestre anterior (maio\/julho). De acordo com o Instituto Brasileiro de Geografia e Estat\u00edstica (IBGE), a popula\u00e7\u00e3o\u00a0desempregada\u00a0soma 12,4 milh\u00f5es de pessoas, 4% (517 mil) a menos que o total registrado no per\u00edodo terminado em julho.\u00a0<span data-ccp-props=\"{&quot;201341983&quot;:0,&quot;335559739&quot;:160,&quot;335559740&quot;:259}\">\u00a0<\/span><\/p>\n<p>Com esse resultado, o Brasil registra\u00a0a s\u00e9tima queda mensal seguida do desemprego e a taxa mais baixa desde o trimestre terminado em julho de 2016, quando foi de 11,6%<span data-ccp-props=\"{&quot;201341983&quot;:0,&quot;335559739&quot;:160,&quot;335559740&quot;:259}\">\u00a0<\/span><\/p>\n<p>As informa\u00e7\u00f5es fazem parte da Pesquisa Nacional por Amostra de Domic\u00edlio (Pnad Cont\u00ednua). Se comparado ao mesmo trimestre de 2017, o resultado teve uma queda de -0,5 ponto percentual.\u00a0<span data-ccp-props=\"{&quot;201341983&quot;:0,&quot;335559739&quot;:160,&quot;335559740&quot;:259}\">\u00a0<\/span><\/p>\n<p>Em rela\u00e7\u00e3o \u00e0 popula\u00e7\u00e3o ocupada, tamb\u00e9m houve melhora. No final de outubro, ela estava em\u00a092,9 milh\u00f5es, um aumento de 1,4% (mais 1,2 milh\u00e3o de pessoas) em rela\u00e7\u00e3o ao trimestre de maio a julho deste ano; e mais 1,5% (1,4 milh\u00e3o de pessoas) na compara\u00e7\u00e3o com o trimestre de agosto a outubro de 2017.\u00a0<span data-ccp-props=\"{&quot;201341983&quot;:0,&quot;335559739&quot;:160,&quot;335559740&quot;:259}\">\u00a0<\/span><\/p>\n<p>Fonte: Governo do Brasil, com informa\u00e7\u00f5es do\u00a0<a href=\"https:\/\/www.ibge.gov.br\/\">IBGE<\/a>\u00a0<span data-ccp-props=\"{&quot;201341983&quot;:0,&quot;335559739&quot;:160,&quot;335559740&quot;:259}\">\u00a0<\/span><\/p>\n","protected":false},"excerpt":{"rendered":"<p>A taxa de desemprego no Brasil recuou para 11,7% no trimestre encerrado em outubro. O \u00edndice caiu 0,6 ponto percentual em compara\u00e7\u00e3o ao trimestre anterior (maio\/julho). De acordo com o Instituto Brasileiro de Geografia e Estat\u00edstica (IBGE), a popula\u00e7\u00e3o\u00a0desempregada\u00a0soma 12,4 milh\u00f5es de pessoas, 4% (517 mil) a menos que o total registrado no per\u00edodo terminado [&hellip;]<\/p>\n","protected":false},"author":96,"featured_media":127059,"comment_status":"closed","ping_status":"closed","sticky":false,"template":"","format":"standard","meta":{"footnotes":""},"categories":[436,261,439],"tags":[],"class_list":["post-127058","post","type-post","status-publish","format-standard","has-post-thumbnail","hentry","category-destaque-da-semana","category-economia","category-ultima-hora"],"_links":{"self":[{"href":"https:\/\/diarioregionaldigital.com.br\/index.php?rest_route=\/wp\/v2\/posts\/127058","targetHints":{"allow":["GET"]}}],"collection":[{"href":"https:\/\/diarioregionaldigital.com.br\/index.php?rest_route=\/wp\/v2\/posts"}],"about":[{"href":"https:\/\/diarioregionaldigital.com.br\/index.php?rest_route=\/wp\/v2\/types\/post"}],"author":[{"embeddable":true,"href":"https:\/\/diarioregionaldigital.com.br\/index.php?rest_route=\/wp\/v2\/users\/96"}],"replies":[{"embeddable":true,"href":"https:\/\/diarioregionaldigital.com.br\/index.php?rest_route=%2Fwp%2Fv2%2Fcomments&post=127058"}],"version-history":[{"count":0,"href":"https:\/\/diarioregionaldigital.com.br\/index.php?rest_route=\/wp\/v2\/posts\/127058\/revisions"}],"wp:featuredmedia":[{"embeddable":true,"href":"https:\/\/diarioregionaldigital.com.br\/index.php?rest_route=\/wp\/v2\/media\/127059"}],"wp:attachment":[{"href":"https:\/\/diarioregionaldigital.com.br\/index.php?rest_route=%2Fwp%2Fv2%2Fmedia&parent=127058"}],"wp:term":[{"taxonomy":"category","embeddable":true,"href":"https:\/\/diarioregionaldigital.com.br\/index.php?rest_route=%2Fwp%2Fv2%2Fcategories&post=127058"},{"taxonomy":"post_tag","embeddable":true,"href":"https:\/\/diarioregionaldigital.com.br\/index.php?rest_route=%2Fwp%2Fv2%2Ftags&post=127058"}],"curies":[{"name":"wp","href":"https:\/\/api.w.org\/{rel}","templated":true}]}}