{"id":127054,"date":"2018-11-30T09:20:08","date_gmt":"2018-11-30T11:20:08","guid":{"rendered":"https:\/\/diarioregionaldigital.com.br\/?p=127054"},"modified":"2018-11-30T09:20:08","modified_gmt":"2018-11-30T11:20:08","slug":"homem-e-agredido-durante-assalto-no-bairro-vitorino-braga","status":"publish","type":"post","link":"https:\/\/diarioregionaldigital.com.br\/?p=127054","title":{"rendered":"Homem \u00e9 agredido durante assalto no bairro Vitorino Braga"},"content":{"rendered":"<p>Um homem, 37 anos, foi agredido durante um assalto nessa quinta-feira, 29, no bairro Vila Ideal, zona Sudeste de Juiz de Fora. Ele passava de bicicleta pela praca principal do bairro quando foi abordado por um homem.<\/p>\n<p>Segundo a v\u00edtima, o autor comecou a agred\u00ed-la com socos e chutes na tentativa de roubar a bicicleta. Ao conseguir o que queria, o assaltante fugiu.<\/p>\n<p>A Pol\u00edcia Militar relizour rastreamento na regi\u00e3o e localizou o autor no bairro Vila Ideal, tamb\u00e9m na zona Sudeste da cidade. Ele tem 44 anos e foi preso.<\/p>\n<p>O homem agredido foi encaminhado ao Hospital de Pronto Socorro Mozart Geraldo Teixeira (HPS), no Centro, onde foi medicado e liberado pela equipe m\u00e9dica.<\/p>\n","protected":false},"excerpt":{"rendered":"<p>Um homem, 37 anos, foi agredido durante um assalto nessa quinta-feira, 29, no bairro Vila Ideal, zona Sudeste de Juiz de Fora. Ele passava de bicicleta pela praca principal do bairro quando foi abordado por um homem. Segundo a v\u00edtima, o autor comecou a agred\u00ed-la com socos e chutes na tentativa de roubar a bicicleta. [&hellip;]<\/p>\n","protected":false},"author":96,"featured_media":95836,"comment_status":"closed","ping_status":"closed","sticky":false,"template":"","format":"standard","meta":{"footnotes":""},"categories":[301],"tags":[],"class_list":["post-127054","post","type-post","status-publish","format-standard","has-post-thumbnail","hentry","category-artigos-policiais"],"_links":{"self":[{"href":"https:\/\/diarioregionaldigital.com.br\/index.php?rest_route=\/wp\/v2\/posts\/127054","targetHints":{"allow":["GET"]}}],"collection":[{"href":"https:\/\/diarioregionaldigital.com.br\/index.php?rest_route=\/wp\/v2\/posts"}],"about":[{"href":"https:\/\/diarioregionaldigital.com.br\/index.php?rest_route=\/wp\/v2\/types\/post"}],"author":[{"embeddable":true,"href":"https:\/\/diarioregionaldigital.com.br\/index.php?rest_route=\/wp\/v2\/users\/96"}],"replies":[{"embeddable":true,"href":"https:\/\/diarioregionaldigital.com.br\/index.php?rest_route=%2Fwp%2Fv2%2Fcomments&post=127054"}],"version-history":[{"count":0,"href":"https:\/\/diarioregionaldigital.com.br\/index.php?rest_route=\/wp\/v2\/posts\/127054\/revisions"}],"wp:featuredmedia":[{"embeddable":true,"href":"https:\/\/diarioregionaldigital.com.br\/index.php?rest_route=\/wp\/v2\/media\/95836"}],"wp:attachment":[{"href":"https:\/\/diarioregionaldigital.com.br\/index.php?rest_route=%2Fwp%2Fv2%2Fmedia&parent=127054"}],"wp:term":[{"taxonomy":"category","embeddable":true,"href":"https:\/\/diarioregionaldigital.com.br\/index.php?rest_route=%2Fwp%2Fv2%2Fcategories&post=127054"},{"taxonomy":"post_tag","embeddable":true,"href":"https:\/\/diarioregionaldigital.com.br\/index.php?rest_route=%2Fwp%2Fv2%2Ftags&post=127054"}],"curies":[{"name":"wp","href":"https:\/\/api.w.org\/{rel}","templated":true}]}}