{"id":127050,"date":"2018-11-30T09:04:57","date_gmt":"2018-11-30T11:04:57","guid":{"rendered":"https:\/\/diarioregionaldigital.com.br\/?p=127050"},"modified":"2018-11-30T09:04:57","modified_gmt":"2018-11-30T11:04:57","slug":"alunos-da-rede-municipal-sao-premiados-na-6a-gincana-ambiental","status":"publish","type":"post","link":"https:\/\/diarioregionaldigital.com.br\/?p=127050","title":{"rendered":"Alunos da rede municipal s\u00e3o premiados na 6\u00aa Gincana Ambiental"},"content":{"rendered":"<p>A Escola Municipal (E.M.) \u201cCarlos Augusto de Assis\u201d foi campe\u00e3, nesta quarta-feira, 28, da 6\u00aa Gincana Ambiental, promovida pelo Campo de Instru\u00e7\u00e3o do Ex\u00e9rcito em Juiz de Fora e Centro de Educa\u00e7\u00e3o Ambiental e Cultura (CIJF\/Ceac), em parceria com a Universidade Federal de Juiz de Fora(UFJF). A aluna Marta Eunice da Cunha Silva recebeu o trof\u00e9u em nome da equipe e foi agraciada, atrav\u00e9s de sorteio, com um tablet ofertado pela UFJF. Tamb\u00e9m participaram da disputa as escolas municipais \u201cPadre Wilson, \u201cGilberto de Alencar\u201d e \u201cArlete Bastos Magalh\u00e3es\u201d.<\/p>\n<p>A gincana tem objetivo de promover conscientiza\u00e7\u00e3o ambiental e preserva\u00e7\u00e3o do meio ambiente, atrav\u00e9s de pr\u00e1ticas realizadas entre militares, mesclando atividades esportivas com testes de conhecimento. O tema deste ano foi \u201cSaneamento Ambiental\u201d.<\/p>\n<p>O diretor da escola campe\u00e3, Ant\u00f4nio Gabriel Rosa Loures, afirmou que \u201cfoi momento muito gratificante para a escola, pois eles participaram da prepara\u00e7\u00e3o dos alunos e puderam ver que apreenderam bem os conte\u00fados. Os alunos vitoriosos foram apresentados ao som do Hino Nacional. Eles ficaram muito orgulhosos, mostrando as medalhas. \u00c9 uma honra para todos n\u00f3s\u201d.<\/p>\n<p><em>Fonte: Assessoria<\/em><\/p>\n","protected":false},"excerpt":{"rendered":"<p>A Escola Municipal (E.M.) \u201cCarlos Augusto de Assis\u201d foi campe\u00e3, nesta quarta-feira, 28, da 6\u00aa Gincana Ambiental, promovida pelo Campo de Instru\u00e7\u00e3o do Ex\u00e9rcito em Juiz de Fora e Centro de Educa\u00e7\u00e3o Ambiental e Cultura (CIJF\/Ceac), em parceria com a Universidade Federal de Juiz de Fora(UFJF). A aluna Marta Eunice da Cunha Silva recebeu o [&hellip;]<\/p>\n","protected":false},"author":96,"featured_media":0,"comment_status":"closed","ping_status":"closed","sticky":false,"template":"","format":"standard","meta":{"footnotes":""},"categories":[253,439],"tags":[],"class_list":["post-127050","post","type-post","status-publish","format-standard","hentry","category-cidade","category-ultima-hora"],"_links":{"self":[{"href":"https:\/\/diarioregionaldigital.com.br\/index.php?rest_route=\/wp\/v2\/posts\/127050","targetHints":{"allow":["GET"]}}],"collection":[{"href":"https:\/\/diarioregionaldigital.com.br\/index.php?rest_route=\/wp\/v2\/posts"}],"about":[{"href":"https:\/\/diarioregionaldigital.com.br\/index.php?rest_route=\/wp\/v2\/types\/post"}],"author":[{"embeddable":true,"href":"https:\/\/diarioregionaldigital.com.br\/index.php?rest_route=\/wp\/v2\/users\/96"}],"replies":[{"embeddable":true,"href":"https:\/\/diarioregionaldigital.com.br\/index.php?rest_route=%2Fwp%2Fv2%2Fcomments&post=127050"}],"version-history":[{"count":0,"href":"https:\/\/diarioregionaldigital.com.br\/index.php?rest_route=\/wp\/v2\/posts\/127050\/revisions"}],"wp:attachment":[{"href":"https:\/\/diarioregionaldigital.com.br\/index.php?rest_route=%2Fwp%2Fv2%2Fmedia&parent=127050"}],"wp:term":[{"taxonomy":"category","embeddable":true,"href":"https:\/\/diarioregionaldigital.com.br\/index.php?rest_route=%2Fwp%2Fv2%2Fcategories&post=127050"},{"taxonomy":"post_tag","embeddable":true,"href":"https:\/\/diarioregionaldigital.com.br\/index.php?rest_route=%2Fwp%2Fv2%2Ftags&post=127050"}],"curies":[{"name":"wp","href":"https:\/\/api.w.org\/{rel}","templated":true}]}}