{"id":127049,"date":"2018-11-30T09:06:24","date_gmt":"2018-11-30T11:06:24","guid":{"rendered":"https:\/\/diarioregionaldigital.com.br\/?p=127049"},"modified":"2018-11-30T09:06:24","modified_gmt":"2018-11-30T11:06:24","slug":"carro-e-furtado-no-bairro-bom-clima","status":"publish","type":"post","link":"https:\/\/diarioregionaldigital.com.br\/?p=127049","title":{"rendered":"Carro \u00e9 furtado no bairro Bom Clima"},"content":{"rendered":"<p>Na madrugada desta sexta-feira, 30, um carro foi furtado no bairro Bom Clima, regi\u00e3o Nordeste de Juiz de Fora.<\/p>\n<p>De acordo com o propriet\u00e1rio, o ve\u00edculo foi estacionado na Rua Paracatu, por volta das 22h30 da noite dessa quinta-feira, 29. Ao retornar ao local, horas depois, o carro n\u00e3o estava mais no local.<\/p>\n<p>A Pol\u00edcia Militar foi acionada e, ap\u00f3s rastreamento na regi\u00e3o, o carro foi encontrado na Avenida Brasil, na altura do bairro Vitorino Braga, zona Sudeste da cidade. At\u00e9 o momento, ningu\u00e9m foi preso.<\/p>\n<p>&nbsp;<\/p>\n<p>&nbsp;<\/p>\n","protected":false},"excerpt":{"rendered":"<p>Na madrugada desta sexta-feira, 30, um carro foi furtado no bairro Bom Clima, regi\u00e3o Nordeste de Juiz de Fora. De acordo com o propriet\u00e1rio, o ve\u00edculo foi estacionado na Rua Paracatu, por volta das 22h30 da noite dessa quinta-feira, 29. Ao retornar ao local, horas depois, o carro n\u00e3o estava mais no local. A Pol\u00edcia [&hellip;]<\/p>\n","protected":false},"author":96,"featured_media":95836,"comment_status":"closed","ping_status":"closed","sticky":false,"template":"","format":"standard","meta":{"footnotes":""},"categories":[301],"tags":[],"class_list":["post-127049","post","type-post","status-publish","format-standard","has-post-thumbnail","hentry","category-artigos-policiais"],"_links":{"self":[{"href":"https:\/\/diarioregionaldigital.com.br\/index.php?rest_route=\/wp\/v2\/posts\/127049","targetHints":{"allow":["GET"]}}],"collection":[{"href":"https:\/\/diarioregionaldigital.com.br\/index.php?rest_route=\/wp\/v2\/posts"}],"about":[{"href":"https:\/\/diarioregionaldigital.com.br\/index.php?rest_route=\/wp\/v2\/types\/post"}],"author":[{"embeddable":true,"href":"https:\/\/diarioregionaldigital.com.br\/index.php?rest_route=\/wp\/v2\/users\/96"}],"replies":[{"embeddable":true,"href":"https:\/\/diarioregionaldigital.com.br\/index.php?rest_route=%2Fwp%2Fv2%2Fcomments&post=127049"}],"version-history":[{"count":0,"href":"https:\/\/diarioregionaldigital.com.br\/index.php?rest_route=\/wp\/v2\/posts\/127049\/revisions"}],"wp:featuredmedia":[{"embeddable":true,"href":"https:\/\/diarioregionaldigital.com.br\/index.php?rest_route=\/wp\/v2\/media\/95836"}],"wp:attachment":[{"href":"https:\/\/diarioregionaldigital.com.br\/index.php?rest_route=%2Fwp%2Fv2%2Fmedia&parent=127049"}],"wp:term":[{"taxonomy":"category","embeddable":true,"href":"https:\/\/diarioregionaldigital.com.br\/index.php?rest_route=%2Fwp%2Fv2%2Fcategories&post=127049"},{"taxonomy":"post_tag","embeddable":true,"href":"https:\/\/diarioregionaldigital.com.br\/index.php?rest_route=%2Fwp%2Fv2%2Ftags&post=127049"}],"curies":[{"name":"wp","href":"https:\/\/api.w.org\/{rel}","templated":true}]}}