{"id":127046,"date":"2018-11-30T09:00:09","date_gmt":"2018-11-30T11:00:09","guid":{"rendered":"https:\/\/diarioregionaldigital.com.br\/?p=127046"},"modified":"2018-11-30T09:00:09","modified_gmt":"2018-11-30T11:00:09","slug":"pjf-abre-inscricoes-para-contratacao-de-medico-psiquiatra","status":"publish","type":"post","link":"https:\/\/diarioregionaldigital.com.br\/?p=127046","title":{"rendered":"PJF abre inscri\u00e7\u00f5es para contrata\u00e7\u00e3o de m\u00e9dico psiquiatra"},"content":{"rendered":"<p>A Prefeitura de Juiz de Fora (PJF), atrav\u00e9s da Secretaria de Administra\u00e7\u00e3o e Recursos Humanos (SARH), abriu inscri\u00e7\u00f5es para o processo seletivo simplificado visando \u00e0 contrata\u00e7\u00e3o tempor\u00e1ria de m\u00e9dico psiquiatra, para atua\u00e7\u00e3o cl\u00ednica (Edital n\u00ba 385-SARH). As inscri\u00e7\u00f5es j\u00e1 est\u00e3o abertas e poder\u00e3o ser feitas at\u00e9 quinta-feira, 6 de dezembro, exclusivamente pelo site da PJF. A remunera\u00e7\u00e3o pode variar conforme lota\u00e7\u00e3o e forma de presta\u00e7\u00e3o da jornada de trabalho.<\/p>\n<p>A entrega de t\u00edtulos para valida\u00e7\u00e3o das informa\u00e7\u00f5es prestadas dever\u00e1 ser feita nos dias 7 ou 10 de dezembro, na Avenida Brasil, 2001, 8\u00ba andar, entre 8h30 e 11h30 ou das 14h30 \u00e0s 17h30. A documenta\u00e7\u00e3o dever\u00e1 estar em envelope lacrado e poder\u00e1 ser entregue pessoalmente ou por terceiros, com c\u00f3pia do documento de identidade e do comprovante de inscri\u00e7\u00e3o, que servir\u00e1 de recibo. O edital e o link para inscri\u00e7\u00f5es podem ser acessados no\u00a0<a href=\"https:\/\/www.pjf.mg.gov.br\/secretarias\/sarh\/edital\/temporario\/385\/index.php\">www.pjf.mg.gov.br\/sarh\/edital<\/a>.<\/p>\n<p><em>Fonte: Assessoria<\/em><\/p>\n","protected":false},"excerpt":{"rendered":"<p>A Prefeitura de Juiz de Fora (PJF), atrav\u00e9s da Secretaria de Administra\u00e7\u00e3o e Recursos Humanos (SARH), abriu inscri\u00e7\u00f5es para o processo seletivo simplificado visando \u00e0 contrata\u00e7\u00e3o tempor\u00e1ria de m\u00e9dico psiquiatra, para atua\u00e7\u00e3o cl\u00ednica (Edital n\u00ba 385-SARH). As inscri\u00e7\u00f5es j\u00e1 est\u00e3o abertas e poder\u00e3o ser feitas at\u00e9 quinta-feira, 6 de dezembro, exclusivamente pelo site da PJF. [&hellip;]<\/p>\n","protected":false},"author":96,"featured_media":0,"comment_status":"closed","ping_status":"closed","sticky":false,"template":"","format":"standard","meta":{"footnotes":""},"categories":[253,439],"tags":[],"class_list":["post-127046","post","type-post","status-publish","format-standard","hentry","category-cidade","category-ultima-hora"],"_links":{"self":[{"href":"https:\/\/diarioregionaldigital.com.br\/index.php?rest_route=\/wp\/v2\/posts\/127046","targetHints":{"allow":["GET"]}}],"collection":[{"href":"https:\/\/diarioregionaldigital.com.br\/index.php?rest_route=\/wp\/v2\/posts"}],"about":[{"href":"https:\/\/diarioregionaldigital.com.br\/index.php?rest_route=\/wp\/v2\/types\/post"}],"author":[{"embeddable":true,"href":"https:\/\/diarioregionaldigital.com.br\/index.php?rest_route=\/wp\/v2\/users\/96"}],"replies":[{"embeddable":true,"href":"https:\/\/diarioregionaldigital.com.br\/index.php?rest_route=%2Fwp%2Fv2%2Fcomments&post=127046"}],"version-history":[{"count":0,"href":"https:\/\/diarioregionaldigital.com.br\/index.php?rest_route=\/wp\/v2\/posts\/127046\/revisions"}],"wp:attachment":[{"href":"https:\/\/diarioregionaldigital.com.br\/index.php?rest_route=%2Fwp%2Fv2%2Fmedia&parent=127046"}],"wp:term":[{"taxonomy":"category","embeddable":true,"href":"https:\/\/diarioregionaldigital.com.br\/index.php?rest_route=%2Fwp%2Fv2%2Fcategories&post=127046"},{"taxonomy":"post_tag","embeddable":true,"href":"https:\/\/diarioregionaldigital.com.br\/index.php?rest_route=%2Fwp%2Fv2%2Ftags&post=127046"}],"curies":[{"name":"wp","href":"https:\/\/api.w.org\/{rel}","templated":true}]}}