{"id":127042,"date":"2018-11-30T08:55:41","date_gmt":"2018-11-30T10:55:41","guid":{"rendered":"https:\/\/diarioregionaldigital.com.br\/?p=127042"},"modified":"2018-11-30T08:56:00","modified_gmt":"2018-11-30T10:56:00","slug":"empav-realiza-operacao-tapa-buracos-nas-regioes-norte-nordeste-oeste-e-central","status":"publish","type":"post","link":"https:\/\/diarioregionaldigital.com.br\/?p=127042","title":{"rendered":"Empav realiza opera\u00e7\u00e3o tapa-buracos nas regi\u00f5es norte, nordeste, oeste e central"},"content":{"rendered":"<p>Nesta quinta-feira, 29, as equipes da opera\u00e7\u00e3o tapa-buracos, da Empresa Municipal de Pavimenta\u00e7\u00e3o e Urbaniza\u00e7\u00e3o (Empav), concentraram-se nas regi\u00f5es norte, nordeste, oeste e central. Nesta sexta, 30, os trabalhos continuar\u00e3o por toda a cidade, aproveitando a estiagem das chuvas para atender mais locais.<\/p>\n<p>Os trabalhos aconteceram nas ruas Engenheiro Hugo Vocurca, Hon\u00f3rio de Brito, Confrade Manoel da Luz e Senhorinha Pires e na pra\u00e7a do Bairro Barbosa Lage; na Avenida Brasil, entre Santa Terezinha e o Viaduto Ramires Gonz\u00e1les, no Cer\u00e2mica; nas ruas Henrique Burnier, no Mariano Proc\u00f3pio; Bar\u00e3o de Santa Helena e Doutor Tarboux, no Granbery; Rua Vicente Begheli, no Dom Bosco; Rua Mamor\u00e9, no S\u00e3o Mateus; ruas Oscar Vidal (parte baixa), Esp\u00edrito Santo e Henrique Surerus, no Centro; e Avenida Pedro Henrique Krambeck, no S\u00e3o Pedro.<\/p>\n<p><em>Fonte: Assessoria<\/em><\/p>\n","protected":false},"excerpt":{"rendered":"<p>Nesta quinta-feira, 29, as equipes da opera\u00e7\u00e3o tapa-buracos, da Empresa Municipal de Pavimenta\u00e7\u00e3o e Urbaniza\u00e7\u00e3o (Empav), concentraram-se nas regi\u00f5es norte, nordeste, oeste e central. Nesta sexta, 30, os trabalhos continuar\u00e3o por toda a cidade, aproveitando a estiagem das chuvas para atender mais locais. Os trabalhos aconteceram nas ruas Engenheiro Hugo Vocurca, Hon\u00f3rio de Brito, Confrade [&hellip;]<\/p>\n","protected":false},"author":96,"featured_media":0,"comment_status":"closed","ping_status":"closed","sticky":false,"template":"","format":"standard","meta":{"footnotes":""},"categories":[253,439],"tags":[],"class_list":["post-127042","post","type-post","status-publish","format-standard","hentry","category-cidade","category-ultima-hora"],"_links":{"self":[{"href":"https:\/\/diarioregionaldigital.com.br\/index.php?rest_route=\/wp\/v2\/posts\/127042","targetHints":{"allow":["GET"]}}],"collection":[{"href":"https:\/\/diarioregionaldigital.com.br\/index.php?rest_route=\/wp\/v2\/posts"}],"about":[{"href":"https:\/\/diarioregionaldigital.com.br\/index.php?rest_route=\/wp\/v2\/types\/post"}],"author":[{"embeddable":true,"href":"https:\/\/diarioregionaldigital.com.br\/index.php?rest_route=\/wp\/v2\/users\/96"}],"replies":[{"embeddable":true,"href":"https:\/\/diarioregionaldigital.com.br\/index.php?rest_route=%2Fwp%2Fv2%2Fcomments&post=127042"}],"version-history":[{"count":0,"href":"https:\/\/diarioregionaldigital.com.br\/index.php?rest_route=\/wp\/v2\/posts\/127042\/revisions"}],"wp:attachment":[{"href":"https:\/\/diarioregionaldigital.com.br\/index.php?rest_route=%2Fwp%2Fv2%2Fmedia&parent=127042"}],"wp:term":[{"taxonomy":"category","embeddable":true,"href":"https:\/\/diarioregionaldigital.com.br\/index.php?rest_route=%2Fwp%2Fv2%2Fcategories&post=127042"},{"taxonomy":"post_tag","embeddable":true,"href":"https:\/\/diarioregionaldigital.com.br\/index.php?rest_route=%2Fwp%2Fv2%2Ftags&post=127042"}],"curies":[{"name":"wp","href":"https:\/\/api.w.org\/{rel}","templated":true}]}}