{"id":127036,"date":"2018-11-30T08:45:01","date_gmt":"2018-11-30T10:45:01","guid":{"rendered":"https:\/\/diarioregionaldigital.com.br\/?p=127036"},"modified":"2018-11-30T08:45:01","modified_gmt":"2018-11-30T10:45:01","slug":"cadastramento-para-creches-termina-nesta-sexta-feira","status":"publish","type":"post","link":"https:\/\/diarioregionaldigital.com.br\/?p=127036","title":{"rendered":"Cadastramento para creches termina nesta sexta-feira"},"content":{"rendered":"<p>As fam\u00edlias que buscam vaga em creches p\u00fablicas ou conveniadas \u00e0 Prefeitura de Juiz de Fora (PJF) t\u00eam at\u00e9 esta sexta-feira, 30, para realizar o cadastramento. A inscri\u00e7\u00e3o tem como objetivo beneficiar crian\u00e7as de zero a 3 anos e 11 meses de idade, mas o procedimento n\u00e3o \u00e9 garantia de vaga.<\/p>\n<p>Este ano, as inscri\u00e7\u00f5es s\u00e3o feitas no Espa\u00e7o Cidad\u00e3o Centro, que atende tamb\u00e9m as regi\u00f5es sudeste e leste, e nas regionais, de acordo com a abrang\u00eancia.<\/p>\n<p><b>Confira os endere\u00e7os onde o cadastro pode ser feito:<\/b><\/p>\n<p>* Centro: Avenida Bar\u00e3o do Rio Branco, 2.234, Parque Halfeld, Centro<br \/>\n* Sul: Rua Porto das Flores, 270 \u2013 Bairro Santa Luzia<br \/>\n* Oeste: Rua Orestes Fabiano Alves, 65 \u2013 S\u00e3o Pedro<br \/>\n* Norte: Rua In\u00eas Garcia, 357 \u2013 Benfica<br \/>\n* Nordeste: Rua Santa Terezinha, 172 \u2013 Santa Terezinha<\/p>\n<p>O edital\u00a0<a href=\"https:\/\/www.pjf.mg.gov.br\/e_atos\/anexos\/006%20se_152558.pdf\">www.pjf.mg.gov.br\/atos\/anexos<\/a>, publicado pela Secretaria de Educa\u00e7\u00e3o (SE) no Atos do Governo, inclui as 46 creches p\u00fablicas e conveniadas. Caso a crian\u00e7a j\u00e1 tenha sido inscrita, mas n\u00e3o tenha sido contemplada com a vaga at\u00e9 31 de outubro de 2018, os respons\u00e1veis dever\u00e3o retornar ao local de inscri\u00e7\u00e3o e realizar um novo cadastro para 2019.<\/p>\n<p>S\u00e3o exigidos os seguintes documentos (original e c\u00f3pia): comprovante de resid\u00eancia, documento de identidade do respons\u00e1vel pela crian\u00e7a e de todos os adultos da casa, certid\u00e3o de nascimento de todas as crian\u00e7as e adolescentes residentes na casa (de zero a 17 anos), laudo m\u00e9dico para as crian\u00e7as com defici\u00eancia ou neoplasia e comprovante de renda de todos os maiores de 18 anos da casa.<\/p>\n<p>Tamb\u00e9m devem ser apresentados os documentos originais da guarda formal da crian\u00e7a, caso n\u00e3o seja o pai ou a m\u00e3e a fazer o cadastro; o comprovante de matr\u00edcula na creche, se tiver irm\u00e3o frequentando a mesma unidade; o N\u00famero de Inscri\u00e7\u00e3o Social (NIS) da crian\u00e7a; e a declara\u00e7\u00e3o escolar de m\u00e3e adolescente matriculada em escola p\u00fablica, se for o caso.<\/p>\n<p>As crian\u00e7as que j\u00e1 est\u00e3o matriculadas nas creches ter\u00e3o vaga garantida automaticamente para o pr\u00f3ximo ano. Para isso, os respons\u00e1veis legais dever\u00e3o comparecer \u00e0 creche e renovar a matr\u00edcula.<\/p>\n<p>As creches oferecem atendimento em tempo integral de, no m\u00ednimo, sete horas di\u00e1rias. Atualmente, a rede municipal atende mais de 4.650 crian\u00e7as, nas 46 creches p\u00fablicas e conveniadas.<\/p>\n<p>A classifica\u00e7\u00e3o segue crit\u00e9rios de vulnerabilidade social. D\u00favidas podem ser esclarecidas na SE, pelos telefones 3690-7721 e 3690-7995.<\/p>\n<p><em>Fonte: Assessoria<\/em><\/p>\n","protected":false},"excerpt":{"rendered":"<p>As fam\u00edlias que buscam vaga em creches p\u00fablicas ou conveniadas \u00e0 Prefeitura de Juiz de Fora (PJF) t\u00eam at\u00e9 esta sexta-feira, 30, para realizar o cadastramento. A inscri\u00e7\u00e3o tem como objetivo beneficiar crian\u00e7as de zero a 3 anos e 11 meses de idade, mas o procedimento n\u00e3o \u00e9 garantia de vaga. Este ano, as inscri\u00e7\u00f5es [&hellip;]<\/p>\n","protected":false},"author":96,"featured_media":126924,"comment_status":"closed","ping_status":"closed","sticky":false,"template":"","format":"standard","meta":{"footnotes":""},"categories":[253,439],"tags":[],"class_list":["post-127036","post","type-post","status-publish","format-standard","has-post-thumbnail","hentry","category-cidade","category-ultima-hora"],"_links":{"self":[{"href":"https:\/\/diarioregionaldigital.com.br\/index.php?rest_route=\/wp\/v2\/posts\/127036","targetHints":{"allow":["GET"]}}],"collection":[{"href":"https:\/\/diarioregionaldigital.com.br\/index.php?rest_route=\/wp\/v2\/posts"}],"about":[{"href":"https:\/\/diarioregionaldigital.com.br\/index.php?rest_route=\/wp\/v2\/types\/post"}],"author":[{"embeddable":true,"href":"https:\/\/diarioregionaldigital.com.br\/index.php?rest_route=\/wp\/v2\/users\/96"}],"replies":[{"embeddable":true,"href":"https:\/\/diarioregionaldigital.com.br\/index.php?rest_route=%2Fwp%2Fv2%2Fcomments&post=127036"}],"version-history":[{"count":0,"href":"https:\/\/diarioregionaldigital.com.br\/index.php?rest_route=\/wp\/v2\/posts\/127036\/revisions"}],"wp:featuredmedia":[{"embeddable":true,"href":"https:\/\/diarioregionaldigital.com.br\/index.php?rest_route=\/wp\/v2\/media\/126924"}],"wp:attachment":[{"href":"https:\/\/diarioregionaldigital.com.br\/index.php?rest_route=%2Fwp%2Fv2%2Fmedia&parent=127036"}],"wp:term":[{"taxonomy":"category","embeddable":true,"href":"https:\/\/diarioregionaldigital.com.br\/index.php?rest_route=%2Fwp%2Fv2%2Fcategories&post=127036"},{"taxonomy":"post_tag","embeddable":true,"href":"https:\/\/diarioregionaldigital.com.br\/index.php?rest_route=%2Fwp%2Fv2%2Ftags&post=127036"}],"curies":[{"name":"wp","href":"https:\/\/api.w.org\/{rel}","templated":true}]}}