{"id":127035,"date":"2018-11-30T08:47:59","date_gmt":"2018-11-30T10:47:59","guid":{"rendered":"https:\/\/diarioregionaldigital.com.br\/?p=127035"},"modified":"2018-11-30T08:47:59","modified_gmt":"2018-11-30T10:47:59","slug":"jovens-sao-pegos-com-45-buchas-de-maconha-no-bairro-sao-mateus","status":"publish","type":"post","link":"https:\/\/diarioregionaldigital.com.br\/?p=127035","title":{"rendered":"Jovens s\u00e3o pegos com 45 buchas de maconha no bairro S\u00e3o Mateus"},"content":{"rendered":"<p>A Pol\u00edcia Militar apreendeu 45 buchas de maconha nessaquinta-feira, 29, na Pra\u00e7a do bairro S\u00e3o Mateus, na zona Sul da cidade. A droga estava com tr\u00eas jovens, de 17, 18 e 20 anos. Os dois mais velhos foram presos e o menor apreendido.<\/p>\n<p>Os autores foram encontrados durante uma abordagem na regi\u00e3o, por volta das 16h. Com eles, os policiais ainda localizaram um p\u00e9 de maconha e R$1.930 em dinheiro, provavelmente fruto da venda da droga.<\/p>\n<p>&nbsp;<\/p>\n","protected":false},"excerpt":{"rendered":"<p>A Pol\u00edcia Militar apreendeu 45 buchas de maconha nessaquinta-feira, 29, na Pra\u00e7a do bairro S\u00e3o Mateus, na zona Sul da cidade. A droga estava com tr\u00eas jovens, de 17, 18 e 20 anos. Os dois mais velhos foram presos e o menor apreendido. Os autores foram encontrados durante uma abordagem na regi\u00e3o, por volta das [&hellip;]<\/p>\n","protected":false},"author":96,"featured_media":95836,"comment_status":"closed","ping_status":"closed","sticky":false,"template":"","format":"standard","meta":{"footnotes":""},"categories":[301],"tags":[],"class_list":["post-127035","post","type-post","status-publish","format-standard","has-post-thumbnail","hentry","category-artigos-policiais"],"_links":{"self":[{"href":"https:\/\/diarioregionaldigital.com.br\/index.php?rest_route=\/wp\/v2\/posts\/127035","targetHints":{"allow":["GET"]}}],"collection":[{"href":"https:\/\/diarioregionaldigital.com.br\/index.php?rest_route=\/wp\/v2\/posts"}],"about":[{"href":"https:\/\/diarioregionaldigital.com.br\/index.php?rest_route=\/wp\/v2\/types\/post"}],"author":[{"embeddable":true,"href":"https:\/\/diarioregionaldigital.com.br\/index.php?rest_route=\/wp\/v2\/users\/96"}],"replies":[{"embeddable":true,"href":"https:\/\/diarioregionaldigital.com.br\/index.php?rest_route=%2Fwp%2Fv2%2Fcomments&post=127035"}],"version-history":[{"count":0,"href":"https:\/\/diarioregionaldigital.com.br\/index.php?rest_route=\/wp\/v2\/posts\/127035\/revisions"}],"wp:featuredmedia":[{"embeddable":true,"href":"https:\/\/diarioregionaldigital.com.br\/index.php?rest_route=\/wp\/v2\/media\/95836"}],"wp:attachment":[{"href":"https:\/\/diarioregionaldigital.com.br\/index.php?rest_route=%2Fwp%2Fv2%2Fmedia&parent=127035"}],"wp:term":[{"taxonomy":"category","embeddable":true,"href":"https:\/\/diarioregionaldigital.com.br\/index.php?rest_route=%2Fwp%2Fv2%2Fcategories&post=127035"},{"taxonomy":"post_tag","embeddable":true,"href":"https:\/\/diarioregionaldigital.com.br\/index.php?rest_route=%2Fwp%2Fv2%2Ftags&post=127035"}],"curies":[{"name":"wp","href":"https:\/\/api.w.org\/{rel}","templated":true}]}}