{"id":126992,"date":"2018-11-30T06:00:30","date_gmt":"2018-11-30T08:00:30","guid":{"rendered":"https:\/\/diarioregionaldigital.com.br\/?p=126992"},"modified":"2018-11-29T21:46:44","modified_gmt":"2018-11-29T23:46:44","slug":"assembleia-geral-extraordinaria-dr-jose-mariano-soares-moraes-30-11-18","status":"publish","type":"post","link":"https:\/\/diarioregionaldigital.com.br\/?p=126992","title":{"rendered":"Assembl\u00e9ia Geral Extraordin\u00e1ria &#8211; Dr. Jos\u00e9 Mariano Soares Moraes 30\/11\/18"},"content":{"rendered":"<p style=\"text-align: center;\"><strong>ASSEMBL\u00c9IA GERAL EXTRAORDIN\u00c1RIA<\/strong><br \/>\n<strong>\u00a0<\/strong><br \/>\n<strong>EDITAL DE CONVOCA\u00c7\u00c3O<\/strong><\/p>\n<p>O Dr Jos\u00e9 Mariano Soares de Moraes, Conselheiro Presidente do Conselho Deliberativo do Hospital e Maternidade Therezinha de Jesus, no uso das atribui\u00e7\u00f5es que lhe confere a cl\u00e1usula 16 do Estatuto Social, convoca os associados, em condi\u00e7\u00f5es de votar, para se reunirem em Assembleia Geral Extraodin\u00e1ria, a realizar-se na sua sede social na Rua Dr Dirceu de Andrade, n\u00ba 33, S\u00e3o Mateus, Juiz de Fora &#8211; MG, em 11 de dezembro de 2018 \u00e0s 09:00 para primeira convoca\u00e7\u00e3o, com a presen\u00e7a de 2\/3 (dois ter\u00e7os) dos associados, \u00e0s 09:30 para segunda convoca\u00e7\u00e3o, para deliberar sobre altera\u00e7\u00e3o nos membros do Conselho Deliberativo.<\/p>\n<p>Juiz de Fora, 30 de novembro de 2018.<\/p>\n<p><strong>Dr Jose Mariano Soares de Moraes<\/strong><br \/>\n<strong>\u00a0<\/strong><br \/>\n<strong>Conselheiro Presidente<\/strong><\/p>\n","protected":false},"excerpt":{"rendered":"<p>ASSEMBL\u00c9IA GERAL EXTRAORDIN\u00c1RIA \u00a0 EDITAL DE CONVOCA\u00c7\u00c3O O Dr Jos\u00e9 Mariano Soares de Moraes, Conselheiro Presidente do Conselho Deliberativo do Hospital e Maternidade Therezinha de Jesus, no uso das atribui\u00e7\u00f5es que lhe confere a cl\u00e1usula 16 do Estatuto Social, convoca os associados, em condi\u00e7\u00f5es de votar, para se reunirem em Assembleia Geral Extraodin\u00e1ria, a realizar-se [&hellip;]<\/p>\n","protected":false},"author":96,"featured_media":0,"comment_status":"closed","ping_status":"closed","sticky":false,"template":"","format":"standard","meta":{"footnotes":""},"categories":[307],"tags":[],"class_list":["post-126992","post","type-post","status-publish","format-standard","hentry","category-editais"],"_links":{"self":[{"href":"https:\/\/diarioregionaldigital.com.br\/index.php?rest_route=\/wp\/v2\/posts\/126992","targetHints":{"allow":["GET"]}}],"collection":[{"href":"https:\/\/diarioregionaldigital.com.br\/index.php?rest_route=\/wp\/v2\/posts"}],"about":[{"href":"https:\/\/diarioregionaldigital.com.br\/index.php?rest_route=\/wp\/v2\/types\/post"}],"author":[{"embeddable":true,"href":"https:\/\/diarioregionaldigital.com.br\/index.php?rest_route=\/wp\/v2\/users\/96"}],"replies":[{"embeddable":true,"href":"https:\/\/diarioregionaldigital.com.br\/index.php?rest_route=%2Fwp%2Fv2%2Fcomments&post=126992"}],"version-history":[{"count":0,"href":"https:\/\/diarioregionaldigital.com.br\/index.php?rest_route=\/wp\/v2\/posts\/126992\/revisions"}],"wp:attachment":[{"href":"https:\/\/diarioregionaldigital.com.br\/index.php?rest_route=%2Fwp%2Fv2%2Fmedia&parent=126992"}],"wp:term":[{"taxonomy":"category","embeddable":true,"href":"https:\/\/diarioregionaldigital.com.br\/index.php?rest_route=%2Fwp%2Fv2%2Fcategories&post=126992"},{"taxonomy":"post_tag","embeddable":true,"href":"https:\/\/diarioregionaldigital.com.br\/index.php?rest_route=%2Fwp%2Fv2%2Ftags&post=126992"}],"curies":[{"name":"wp","href":"https:\/\/api.w.org\/{rel}","templated":true}]}}