{"id":126972,"date":"2018-12-02T06:00:42","date_gmt":"2018-12-02T08:00:42","guid":{"rendered":"https:\/\/diarioregionaldigital.com.br\/?p=126972"},"modified":"2018-12-03T08:44:46","modified_gmt":"2018-12-03T10:44:46","slug":"dezembro-vermelho-mes-de-conscientizacao-e-combate-a-aids","status":"publish","type":"post","link":"https:\/\/diarioregionaldigital.com.br\/?p=126972","title":{"rendered":"\u201cDEZEMBRO VERMELHO\u201d: m\u00eas de conscientiza\u00e7\u00e3o e combate \u00e0 Aids"},"content":{"rendered":"<p>Dezembro \u00e9 marcado com o m\u00eas de conscientiza\u00e7\u00e3o e combate \u00e0 Aids. A \u2018AcquiredImmuneDeficiencySyndrome\u2019, em sua abrevia\u00e7\u00e3o Aids, \u00e9 o est\u00e1gio mais avan\u00e7ado da doen\u00e7a que ataca o sistema imunol\u00f3gico, conhecida tamb\u00e9m por \u201cS\u00edndrome da Imunodefici\u00eancia Adquirida\u201d, causada pelo HIV. Este v\u00edrus ataca as c\u00e9lulas de defesa do corpo humano, deixando o organismo mais vulner\u00e1vel para doen\u00e7as e infec\u00e7\u00f5es. A campanha \u201cDezembro Vermelho\u201d, batizada em 2017, marca uma grande mobiliza\u00e7\u00e3o com objetivo de alertar para as medidas de preven\u00e7\u00e3o, assist\u00eancia, prote\u00e7\u00e3o e promo\u00e7\u00e3o dos direitos humanos das pessoas que vivem com HIV. A escolha do m\u00eas foi em fun\u00e7\u00e3o do Dia Mundial deLuta Contra a AIDS, celebrado no mundo inteiro em 1\u00ba de dezembro.<\/p>\n<p><strong>DADOS MUNDIAIS<\/strong><\/p>\n<p>De acordo com dados do UNAIDS, Programa Conjunto das Na\u00e7\u00f5es Unidas sobre HIV\/AIDS, 36,9 milh\u00f5es de pessoas em todo o mundo viviam com HIV, sendo parte deles adultos, cerca de 35,1 milh\u00f5es, e outra parcela crian\u00e7as e adolescentes (menores de 15 anos \u2013 1,8 milh\u00f5es). Um relat\u00f3rio divulgado pela UNAIDS mostra que esfor\u00e7os intensificados em testagem e tratamento do HIV est\u00e3o alcan\u00e7ando mais pessoas que vivem com o v\u00edrus, \u00e9 o que aponta. Conforme aponta a pesquisa, em 2017, tr\u00eas quartos das pessoas que vivem com o HIV, totalizando 75%, conheciam seu estado sorol\u00f3gico, comparado a apenas dois ter\u00e7os, 67%, em 2015. Ainda no \u00faltimo ano, 21,7 milh\u00f5es de pessoas vivendo com HIV, 59%, tiveram acesso \u00e0 terapia antirretroviral, sendo que em 2015 esse n\u00famero era de 17,2 milh\u00f5es. \u00a0Esse mesmo relat\u00f3rio ainda mostra que 9,4 milh\u00f5es de pessoas com HIV n\u00e3o sabem que vivem com o v\u00edrus e precisam urgentemente estar vinculadas aos servi\u00e7os de testagem e tratamento do HIV.<\/p>\n<p><strong>NO BRASIL<\/strong><\/p>\n<p>Segundo o Boletim Epidemiol\u00f3gico de 2018 divulgado pelo Minist\u00e9rio da Sa\u00fade no m\u00eas de novembro, em quatro anos, a taxa de mortalidade pela doen\u00e7a passou de 5,7 por 100 mil habitantes em 2014 para 4,8 \u00f3bitos em 2017.\u00a0Essa redu\u00e7\u00e3o na taxa de detec\u00e7\u00e3o tem sido mais acentuada desde a recomenda\u00e7\u00e3o do \u201cTratamento Para Todos\u201d, implementada em dezembro de 2013.A nova pesquisa revela que, de 1980 a junho de 2018, foram identificados 926.742 casos de Aids no Brasil, com registro anual de 40 mil novos casos. No ano de 2012, a taxa de detec\u00e7\u00e3o de doen\u00e7a era de 21,7 casos por cada 100 mil habitantes. Essa mesma an\u00e1lise comparada a 2017, foram 18,3, apontando queda de 15,7%. Al\u00e9m disso, o boletim mostra que em quatro anos tamb\u00e9m houve queda de 16,5% na taxa de mortalidade pela doen\u00e7a, passando de 5,7 por 100 mil habitantes em 2014 para 4,8 \u00f3bitos em 2017.<\/p>\n<p><strong>MINAS GERAIS E JUIZ DE FORA<\/strong><\/p>\n<p>Em Minas Gerais, entre os anos de 2010 a 2018, at\u00e9 novembro, foram diagnosticados 35.299 casos de HIV\/AIDS, com crescimento progressivo em m\u00e9dia 5%, tendo uma incid\u00eancia de 23,82\/100.000 habitantes em 2017. Neste ano, at\u00e9 novembro, foram notificados 3.649 casos novos de HIV\/Aids.<\/p>\n<p>Em Juiz de Fora, segundo dados da Secretaria de Sa\u00fade, 156 testes de HIV realizados na rede p\u00fablica deram positivo em 2018.Desse total, 126 s\u00e3o homens e 30 mulheres. O n\u00famero de testes realizados at\u00e9 26 de novembro deste ano no Departamento de DST e Aids chegou a 6196. De acordo com o Gerente do\u00a0Departamento de Doen\u00e7as Sexualmente Transmiss\u00edveis e Hepatites Virais (DST\/Aids) da Secretaria de Sa\u00fade (SS) de Juiz de Fora, Oswald Alves, aquelas pessoas que foram expostas a alguma situa\u00e7\u00e3o de risco, como rela\u00e7\u00e3o sexual sem preservativo e uso de seringas compartilhadas, e t\u00eam d\u00favidas se contra\u00edram o v\u00edrus do HIV, podem ser atendidas pela rede p\u00fablica.\u201cO atendimento, dependendo do tempo de exposi\u00e7\u00e3o, pode ser oferecido tanto no departamento ou no HPS, que \u00e9 o servi\u00e7o de risco biol\u00f3gico do munic\u00edpio que funciona 24 horas\u201d, disse.<\/p>\n<p>Somente em 2018, a Secretaria de Sa\u00fade iniciou o tratamento de 281 pessoas no munic\u00edpio. Esse tratamento m\u00e9dico \u00e9 chamado Antirretroviral (TARV), conhecido popularmente como \u2018coquetel\u2019. \u201cO paciente \u00e9 atendido por uma equipe multiprofissional no SAE, que \u00e9 o Servi\u00e7o de Assist\u00eancia Especializada. Ele conta com a consulta com seu Infectologista e com a equipe \u2018multi\u2019, composta por psic\u00f3logo, assistente social, equipe de Enfermagem, farmac\u00eauticos e bioqu\u00edmicos, e vai retirar sua medica\u00e7\u00e3o de forma gratuita pelo SUS\u201d, explica o gerente do Departamento DST\/Aids. O Sistema \u00danico de Sa\u00fade (SUS) disponibiliza testes r\u00e1pidos para a detec\u00e7\u00e3o do v\u00edrus nas unidades de sa\u00fade do pa\u00eds. De acordo com dados do Minist\u00e9rio da Sa\u00fade, em 2018, foram distribu\u00eddos 12,5 milh\u00f5es de unidades.<\/p>\n<p>Oswaldo Alves ressalta que \u201c\u00e9 importante que a popula\u00e7\u00e3o se conscientize. Realize a testagem r\u00e1pida, procure o servi\u00e7o de sa\u00fade para tirar as d\u00favidas, se orientar e fazer o diagn\u00f3stico precoce e, se necess\u00e1rio, iniciar o tratamento o quanto antes, visando sempre manter a qualidade de vida desse usu\u00e1rio da melhor forma poss\u00edvel e tamb\u00e9m diminuir a transmiss\u00e3o\u201d, finaliza.<\/p>\n<div id=\"attachment_126974\" style=\"width: 1034px\" class=\"wp-caption aligncenter\"><img loading=\"lazy\" decoding=\"async\" aria-describedby=\"caption-attachment-126974\" class=\"wp-image-126974 size-large\" src=\"https:\/\/diarioregionaldigital.com.br\/wp-content\/uploads\/2018\/11\/RAFAELA-FRUTUOSO-USAR-ESSA-2-7-1024x683.jpg\" alt=\"\" width=\"1024\" height=\"683\" srcset=\"https:\/\/diarioregionaldigital.com.br\/wp-content\/uploads\/2018\/11\/RAFAELA-FRUTUOSO-USAR-ESSA-2-7-1024x683.jpg 1024w, https:\/\/diarioregionaldigital.com.br\/wp-content\/uploads\/2018\/11\/RAFAELA-FRUTUOSO-USAR-ESSA-2-7-300x200.jpg 300w, https:\/\/diarioregionaldigital.com.br\/wp-content\/uploads\/2018\/11\/RAFAELA-FRUTUOSO-USAR-ESSA-2-7-768x512.jpg 768w, https:\/\/diarioregionaldigital.com.br\/wp-content\/uploads\/2018\/11\/RAFAELA-FRUTUOSO-USAR-ESSA-2-7-360x240.jpg 360w\" sizes=\"auto, (max-width: 1024px) 100vw, 1024px\" \/><p id=\"caption-attachment-126974\" class=\"wp-caption-text\">Segundo o Boletim Epidemiol\u00f3gico de 2018 divulgado pelo Minist\u00e9rio da Sa\u00fade no m\u00eas de novembro, em quatro anos, a taxa de mortalidade pela doen\u00e7a passou de 5,7 por 100 mil habitantes em 2014 para 4,8 \u00f3bitos em 2017. Foto: Rafaela Frutuoso<\/p><\/div>\n<p>&nbsp;<\/p>\n<p><strong>MAIS INFORMA\u00c7\u00d5ES<\/strong><\/p>\n<p>Conhecer o quanto antes a sorologia positiva para o HIV \u00e9 extremamente importante, pois aumenta muito a expectativa de vida de uma pessoa que vive com o v\u00edrus. Por este motivo, quem se testa com regularidade, busca tratamento no tempo certo e segue as recomenda\u00e7\u00f5es da equipe de sa\u00fade ganha muito quando o assunto \u00e9 qualidade de vida.<\/p>\n<p>Para aqueles que passaram por alguma situa\u00e7\u00e3o de risco \u00e9 sempre indicado que se fa\u00e7a o teste anti-HIV. O diagn\u00f3stico da infec\u00e7\u00e3o pelo HIV \u00e9 feito a partir da coleta de sangue ou por fluido oral. No Brasil, existem exames laboratoriais e testes r\u00e1pidos, que detectam os anticorpos contra o HIV em cerca de 30 minutos. Esses testes s\u00e3o realizados gratuitamente pelo SUS,\u00a0nas unidades da rede p\u00fablica e nos Centros de Testagem e Aconselhamento (CTA). Esses exames podem ser feitos de forma an\u00f4nima. Nesses centros, al\u00e9m da coleta e da execu\u00e7\u00e3o dos testes, h\u00e1 tamb\u00e9m um processo de aconselhamento para facilitar a correta interpreta\u00e7\u00e3o do resultado pelo(a) usu\u00e1rio(a). Al\u00e9m disso, tamb\u00e9m \u00e9 poss\u00edvel saber onde fazer o teste pelo Disque Sa\u00fade (136).<\/p>\n<p>Tamb\u00e9m \u00e9 poss\u00edvel fazer os testes atrav\u00e9s de uma Organiza\u00e7\u00e3o da Sociedade Civil, no \u00e2mbito do Programa Viva Melhor Sabendo.\u00a0Em todos os casos, a infec\u00e7\u00e3o pelo HIV pode ser detectada em, pelo menos, 30 dias come\u00e7ando a contar a partir da data da situa\u00e7\u00e3o de risco. Esse per\u00edodo \u00e9 porque o exame busca por anticorpos contra o HIV no material coletado. Esse \u00e9 o per\u00edodo chamado de janela imunol\u00f3gica.<\/p>\n<p>O autoteste de HIV \u00e9 vendido em farm\u00e1cias privadas do pa\u00eds, mas os resultados n\u00e3o podem ser utilizados para o diagn\u00f3stico definitivo. Caso uma pessoa apresente positivo, a orienta\u00e7\u00e3o dada pelo Minist\u00e9rio da Sa\u00fade \u00e9 que o usu\u00e1rio busque o servi\u00e7o de sa\u00fade para realizar testes complementares. Caso o paciente precise tirar alguma d\u00favida, ele pode utilizar o Disque Sa\u00fade 136 e no site\u00a0<a href=\"http:\/\/www.aids.gov.br\/pt-br\/autoteste\">www.aids.gov.br\/autoteste<\/a>.<\/p>\n<p>Al\u00e9m do teste, o Governo federal tamb\u00e9m financia o tratamento para o HIV\/Aids no pa\u00eds. Desde 2013, pessoas diagnosticadas soropositivo podem ter acesso aos medicamentos antirretroviraisnas unidades de sa\u00fade. Desde a introdu\u00e7\u00e3o do \u2018Tratamento Para Todos\u2019, at\u00e9 setembro deste ano, 585 mil pessoas com HIV\/aids estavam em tratamento no pa\u00eds, como aponta o Minist\u00e9rio da Sa\u00fade. A maioria, 87%, fazem uso do dolutegravir, que \u00e9 considerado um dos melhores medicamentos do mundo e que est\u00e1 dispon\u00edvel gratuitamente no SUS.<\/p>\n<p>Segundo estudos realizados pelo Minist\u00e9rio da sa\u00fade, o medicamento aumenta em 42% a chance de supress\u00e3o viral (que \u00e9 diminui\u00e7\u00e3o da carga viral do HIV no sangue) entre adultos, quando comparado ao tratamento anterior, usando o efavirenz. Al\u00e9m disso, a resposta virol\u00f3gica com o dolutegravir \u00e9 mais r\u00e1pida: no terceiro m\u00eas de uso mais de 87% os usu\u00e1rios j\u00e1 apresentam supress\u00e3o viral.<\/p>\n<p><strong>COMO OCORRE A TRANSMISS\u00c3O DA AIDS \/ HIV?<\/strong><\/p>\n<ul>\n<li>Sexo vaginal sem camisinha.<\/li>\n<li>Sexo anal sem camisinha.<\/li>\n<li>Sexo oral sem camisinha.<\/li>\n<li>Uso de seringa por mais de uma pessoa.<\/li>\n<li>Transfus\u00e3o de sangue contaminado.<\/li>\n<li>Da m\u00e3e infectada para seu filho durante a gravidez, no parto e na amamenta\u00e7\u00e3o.<\/li>\n<li>Instrumentos que furam ou cortam n\u00e3o esterilizados.<\/li>\n<\/ul>\n<p><strong>MITOS E VERDADES<\/strong><\/p>\n<p>\u00c9 importante esclarecer que a pessoa infectada com HIV ou que j\u00e1 tenha manifestado a AIDS\u00a0n\u00e3o transmite a doen\u00e7a das seguintes formas:<\/p>\n<ul>\n<li>Sexo, desde que se use corretamente a camisinha.<\/li>\n<li>Masturba\u00e7\u00e3o a dois.<\/li>\n<li>Beijo no rosto ou na boca.<\/li>\n<li>Suor e l\u00e1grima.<\/li>\n<li>Picada de inseto.<\/li>\n<li>Aperto de m\u00e3o ou abra\u00e7o.<\/li>\n<li>Sabonete\/toalha\/len\u00e7\u00f3is.<\/li>\n<li>Talheres\/copos.<\/li>\n<li>Assento de \u00f4nibus.<\/li>\n<li>Piscina<\/li>\n<li>Banheiro<\/li>\n<li>Doa\u00e7\u00e3o de sangue.<\/li>\n<li>Pelo ar.<\/li>\n<\/ul>\n","protected":false},"excerpt":{"rendered":"<p>Dezembro \u00e9 marcado com o m\u00eas de conscientiza\u00e7\u00e3o e combate \u00e0 Aids. A \u2018AcquiredImmuneDeficiencySyndrome\u2019, em sua abrevia\u00e7\u00e3o Aids, \u00e9 o est\u00e1gio mais avan\u00e7ado da doen\u00e7a que ataca o sistema imunol\u00f3gico, conhecida tamb\u00e9m por \u201cS\u00edndrome da Imunodefici\u00eancia Adquirida\u201d, causada pelo HIV. Este v\u00edrus ataca as c\u00e9lulas de defesa do corpo humano, deixando o organismo mais vulner\u00e1vel [&hellip;]<\/p>\n","protected":false},"author":96,"featured_media":126973,"comment_status":"closed","ping_status":"closed","sticky":false,"template":"","format":"standard","meta":{"footnotes":""},"categories":[253,436,440,439],"tags":[],"class_list":["post-126972","post","type-post","status-publish","format-standard","has-post-thumbnail","hentry","category-cidade","category-destaque-da-semana","category-destaques-do-dia","category-ultima-hora"],"_links":{"self":[{"href":"https:\/\/diarioregionaldigital.com.br\/index.php?rest_route=\/wp\/v2\/posts\/126972","targetHints":{"allow":["GET"]}}],"collection":[{"href":"https:\/\/diarioregionaldigital.com.br\/index.php?rest_route=\/wp\/v2\/posts"}],"about":[{"href":"https:\/\/diarioregionaldigital.com.br\/index.php?rest_route=\/wp\/v2\/types\/post"}],"author":[{"embeddable":true,"href":"https:\/\/diarioregionaldigital.com.br\/index.php?rest_route=\/wp\/v2\/users\/96"}],"replies":[{"embeddable":true,"href":"https:\/\/diarioregionaldigital.com.br\/index.php?rest_route=%2Fwp%2Fv2%2Fcomments&post=126972"}],"version-history":[{"count":0,"href":"https:\/\/diarioregionaldigital.com.br\/index.php?rest_route=\/wp\/v2\/posts\/126972\/revisions"}],"wp:featuredmedia":[{"embeddable":true,"href":"https:\/\/diarioregionaldigital.com.br\/index.php?rest_route=\/wp\/v2\/media\/126973"}],"wp:attachment":[{"href":"https:\/\/diarioregionaldigital.com.br\/index.php?rest_route=%2Fwp%2Fv2%2Fmedia&parent=126972"}],"wp:term":[{"taxonomy":"category","embeddable":true,"href":"https:\/\/diarioregionaldigital.com.br\/index.php?rest_route=%2Fwp%2Fv2%2Fcategories&post=126972"},{"taxonomy":"post_tag","embeddable":true,"href":"https:\/\/diarioregionaldigital.com.br\/index.php?rest_route=%2Fwp%2Fv2%2Ftags&post=126972"}],"curies":[{"name":"wp","href":"https:\/\/api.w.org\/{rel}","templated":true}]}}