{"id":126893,"date":"2018-12-05T10:00:52","date_gmt":"2018-12-05T12:00:52","guid":{"rendered":"https:\/\/diarioregionaldigital.com.br\/?p=126893"},"modified":"2018-12-05T10:26:26","modified_gmt":"2018-12-05T12:26:26","slug":"policia-federal-cumpre-mandados-de-prisao-da-lava-jato-em-jf","status":"publish","type":"post","link":"https:\/\/diarioregionaldigital.com.br\/?p=126893","title":{"rendered":"Empres\u00e1rios juiz-foranos presos pela Lava Jato est\u00e3o em penitenci\u00e1ria no Rio de Janeiro"},"content":{"rendered":"<p>Na \u00faltima quinta-feira, 29, a Pol\u00edcia Federal (PF) cumpriu dois mandados judiciais expedidos pelo Superior Tribunal de Justi\u00e7a em Juiz de Fora. A informa\u00e7\u00e3o foi publicada no site da<em> Ag\u00eancia Brasil.<\/em><\/p>\n<p>De acordo com a Secretaria do Estado de Administra\u00e7\u00e3o Penitenci\u00e1ria (Seap) os dois empres\u00e1rios j\u00e1 ingressaram no sistema prisional do Rio de Janeiro entre os dias 29 e 30 de novembro. A Seap informou que mais dados n\u00e3o ser\u00e3o divulgados por quest\u00f5es de seguran\u00e7a.<\/p>\n<p>A opera\u00e7\u00e3o, que foi batizada com o nome de &#8220;Boca de Lobo&#8221;, em alus\u00e3o aos dispositivos instalados em vias p\u00fablicas para o recebimento de \u00e1guas da chuva drenadas pelas sarjetas com destino \u00e0s galerias pluviais, levou \u00e0 pris\u00e3o do governador do Rio de Janeiro, Luiz Fernando Pez\u00e3o (MDB), e assessores.<\/p>\n<p>No total, foram mais de nove mandados de pris\u00e3o preventiva e 30 mandados de busca e apreens\u00e3o nos Estados do Rio de Janeiro (Rio de Janeiro, Barra do Pira\u00ed, Volta Redonda e Bom Jardim), al\u00e9m de Juiz de Fora.<\/p>\n<p>O objetivo da a\u00e7\u00e3o foi reprimir os crimes de lavagem de dinheiro, organiza\u00e7\u00e3o criminosa e corrup\u00e7\u00e3o ativa e passiva, cometidos pela alta c\u00fapula da administra\u00e7\u00e3o do Governo do Estado do Rio de Janeiro.<\/p>\n<p>S\u00e3o mais de nove mandados de pris\u00e3o preventiva e 30 mandados de busca e apreens\u00e3o nos Estados do Rio de Janeiro (Rio de Janeiro, Barra do Pira\u00ed, Volta Redonda e Bom Jardim), al\u00e9m de Juiz de Fora.<\/p>\n","protected":false},"excerpt":{"rendered":"<p>Na \u00faltima quinta-feira, 29, a Pol\u00edcia Federal (PF) cumpriu dois mandados judiciais expedidos pelo Superior Tribunal de Justi\u00e7a em Juiz de Fora. A informa\u00e7\u00e3o foi publicada no site da Ag\u00eancia Brasil. De acordo com a Secretaria do Estado de Administra\u00e7\u00e3o Penitenci\u00e1ria (Seap) os dois empres\u00e1rios j\u00e1 ingressaram no sistema prisional do Rio de Janeiro entre [&hellip;]<\/p>\n","protected":false},"author":96,"featured_media":0,"comment_status":"closed","ping_status":"closed","sticky":false,"template":"","format":"standard","meta":{"footnotes":""},"categories":[253,436,440,439],"tags":[],"class_list":["post-126893","post","type-post","status-publish","format-standard","hentry","category-cidade","category-destaque-da-semana","category-destaques-do-dia","category-ultima-hora"],"_links":{"self":[{"href":"https:\/\/diarioregionaldigital.com.br\/index.php?rest_route=\/wp\/v2\/posts\/126893","targetHints":{"allow":["GET"]}}],"collection":[{"href":"https:\/\/diarioregionaldigital.com.br\/index.php?rest_route=\/wp\/v2\/posts"}],"about":[{"href":"https:\/\/diarioregionaldigital.com.br\/index.php?rest_route=\/wp\/v2\/types\/post"}],"author":[{"embeddable":true,"href":"https:\/\/diarioregionaldigital.com.br\/index.php?rest_route=\/wp\/v2\/users\/96"}],"replies":[{"embeddable":true,"href":"https:\/\/diarioregionaldigital.com.br\/index.php?rest_route=%2Fwp%2Fv2%2Fcomments&post=126893"}],"version-history":[{"count":0,"href":"https:\/\/diarioregionaldigital.com.br\/index.php?rest_route=\/wp\/v2\/posts\/126893\/revisions"}],"wp:attachment":[{"href":"https:\/\/diarioregionaldigital.com.br\/index.php?rest_route=%2Fwp%2Fv2%2Fmedia&parent=126893"}],"wp:term":[{"taxonomy":"category","embeddable":true,"href":"https:\/\/diarioregionaldigital.com.br\/index.php?rest_route=%2Fwp%2Fv2%2Fcategories&post=126893"},{"taxonomy":"post_tag","embeddable":true,"href":"https:\/\/diarioregionaldigital.com.br\/index.php?rest_route=%2Fwp%2Fv2%2Ftags&post=126893"}],"curies":[{"name":"wp","href":"https:\/\/api.w.org\/{rel}","templated":true}]}}