{"id":126634,"date":"2018-11-26T22:14:12","date_gmt":"2018-11-27T00:14:12","guid":{"rendered":"https:\/\/diarioregionaldigital.com.br\/?p=126634"},"modified":"2018-11-26T22:45:41","modified_gmt":"2018-11-27T00:45:41","slug":"tudo-igual-no-jogo-de-ida-da-final-do-mineiro-feminino","status":"publish","type":"post","link":"https:\/\/diarioregionaldigital.com.br\/?p=126634","title":{"rendered":"Tudo igual no jogo de ida na final do Mineiro feminino"},"content":{"rendered":"<p>O primeiro jogo da final entre Ipatinga e Am\u00e9rica teve \u201cchuva\u201d de gols e empate em 3 a 3, refor\u00e7ando o equil\u00edbrio entre as finalistas e mantendo a decis\u00e3o aberta at\u00e9 o pr\u00f3ximo domingo, 2 de dezembro, quando ser\u00e1 disputada a partida de volta.<\/p>\n<p>&nbsp;<\/p>\n<p>O Am\u00e9rica chegou a abrir 2 gols de vantagem ainda no primeiro tempo, com Vanessa, aos 33\u2019, e Dani, aos 33\u2019. O Ipatinga diminuiu nos acr\u00e9scimos, em cobran\u00e7a de p\u00eanalti convertida por Ana, aos 47\u2019.<\/p>\n<p>&nbsp;<\/p>\n<p>O resultado parcial de 2 a 1 trouxe tens\u00e3o no caminho de volta aos vesti\u00e1rios. A confus\u00e3o entre as equipes resultou na expuls\u00e3o das atletas Ana Caroline, do Ipatinga, e Dani, do Am\u00e9rica. O treinador do Coelho, Hoffmann Tulio, e o preparador f\u00edsico do Ipatinga, Michael Simon, tamb\u00e9m foram exclu\u00eddos e n\u00e3o voltaram para a segunda etapa.<\/p>\n<p>&nbsp;<\/p>\n<p>No segundo tempo, o Am\u00e9rica ampliou aos 10\u2019 com Jo, mas o 3 a 1 no placar n\u00e3o abateu a equipe do Ipatinga. As donas da casa diminu\u00edram aos 16\u2019 com Jana, em cobran\u00e7a de falta, e j\u00e1 no finalzinho, aos 44\u2019, Ana Jesu\u00edna empatou a primeira final em 3 a 3.<\/p>\n<p>&nbsp;<\/p>\n<p>Ipatinga<\/p>\n<p>Karol, Patr\u00edcia Cristina, Fernanda Cristina, Ana Cl\u00e1udia (Ana Carolina) e Jana; Jaqueline Cristina, Ana, Thayane Silva, J\u00e9ssica Fernanda (Tata) ; Tatielle Sim\u00f5es\u00a9 (C\u00e1rmen) e T\u00e1bata Vieira (Ana Jesu\u00edna)<\/p>\n<p>T\u00e9c.: Kethleen Azevedo<\/p>\n<p>&nbsp;<\/p>\n<p>Am\u00e9rica<\/p>\n<p>Camila Menezes, Isa, Mariana\u00a9 (Mariana Cristina), Lia, Dani; Bruna Em\u00edlia (Laura), Vanessa, Maria, Miria (\u00c1gata), ; Jo (Hingredy) e Gabi<\/p>\n<p>T\u00e9c.: Hoffmann T\u00falio<\/p>\n<p>&nbsp;<\/p>\n<p>Gols<\/p>\n<p>Ana (47\u2019 1\u00baT), Jana (16\u2019 2\u00baT) e Ana Jesu\u00edna (44\u2019 2\u00baT) p\/ Ipatinga; Vanessa (23\u2019 1\u00baT), Dani (33\u2019 1\u00baT) e Jo (10\u2019 2\u00baT) p\/ Am\u00e9rica<\/p>\n<p>Cart\u00f5es Amarelos<\/p>\n<p>Ana Cla\u00fadia (10\u2019 1\u00baT), Thayane Silva (32\u2019 1\u00baT), Jaqueline Cristina (35\u2019 1\u00baT) e Ana Jesu\u00edna (42\u2019 2\u00baT) p\/ Ipatinga; Bruna Em\u00edlia (9\u2019 1\u00baT), Jo (30\u2019 1\u00baT) e Mariana (46\u2019 1\u00baT) p\/ Am\u00e9rica<\/p>\n<p>Cart\u00f5es Vermelhos<\/p>\n<p>Ana (intervalo) p\/ Ipatinga e Dani (intervalo) p\/ Am\u00e9rica<\/p>\n<p>Arbitragem<br \/>\n\u00c1rbitro: Joao Luiz Gomes Neto<\/p>\n<p>\u00c1rbitro Assistente 1: Helen Aparecida Gon\u00e7alves Silva Araujo<\/p>\n<p>\u00c1rbitro Assistente 2: Caroline Costa Silva<\/p>\n<p>Quarto \u00c1rbitro: Wendel Felipe Dos Santos<\/p>\n<p><strong>Fonte: FMF<\/strong><\/p>\n","protected":false},"excerpt":{"rendered":"<p>O primeiro jogo da final entre Ipatinga e Am\u00e9rica teve \u201cchuva\u201d de gols e empate em 3 a 3, refor\u00e7ando o equil\u00edbrio entre as finalistas e mantendo a decis\u00e3o aberta at\u00e9 o pr\u00f3ximo domingo, 2 de dezembro, quando ser\u00e1 disputada a partida de volta. &nbsp; O Am\u00e9rica chegou a abrir 2 gols de vantagem ainda [&hellip;]<\/p>\n","protected":false},"author":96,"featured_media":126635,"comment_status":"closed","ping_status":"closed","sticky":false,"template":"","format":"standard","meta":{"footnotes":""},"categories":[257,439],"tags":[],"class_list":["post-126634","post","type-post","status-publish","format-standard","has-post-thumbnail","hentry","category-esporte","category-ultima-hora"],"_links":{"self":[{"href":"https:\/\/diarioregionaldigital.com.br\/index.php?rest_route=\/wp\/v2\/posts\/126634","targetHints":{"allow":["GET"]}}],"collection":[{"href":"https:\/\/diarioregionaldigital.com.br\/index.php?rest_route=\/wp\/v2\/posts"}],"about":[{"href":"https:\/\/diarioregionaldigital.com.br\/index.php?rest_route=\/wp\/v2\/types\/post"}],"author":[{"embeddable":true,"href":"https:\/\/diarioregionaldigital.com.br\/index.php?rest_route=\/wp\/v2\/users\/96"}],"replies":[{"embeddable":true,"href":"https:\/\/diarioregionaldigital.com.br\/index.php?rest_route=%2Fwp%2Fv2%2Fcomments&post=126634"}],"version-history":[{"count":0,"href":"https:\/\/diarioregionaldigital.com.br\/index.php?rest_route=\/wp\/v2\/posts\/126634\/revisions"}],"wp:featuredmedia":[{"embeddable":true,"href":"https:\/\/diarioregionaldigital.com.br\/index.php?rest_route=\/wp\/v2\/media\/126635"}],"wp:attachment":[{"href":"https:\/\/diarioregionaldigital.com.br\/index.php?rest_route=%2Fwp%2Fv2%2Fmedia&parent=126634"}],"wp:term":[{"taxonomy":"category","embeddable":true,"href":"https:\/\/diarioregionaldigital.com.br\/index.php?rest_route=%2Fwp%2Fv2%2Fcategories&post=126634"},{"taxonomy":"post_tag","embeddable":true,"href":"https:\/\/diarioregionaldigital.com.br\/index.php?rest_route=%2Fwp%2Fv2%2Ftags&post=126634"}],"curies":[{"name":"wp","href":"https:\/\/api.w.org\/{rel}","templated":true}]}}