{"id":126625,"date":"2018-11-26T20:52:31","date_gmt":"2018-11-26T22:52:31","guid":{"rendered":"https:\/\/diarioregionaldigital.com.br\/?p=126625"},"modified":"2018-11-26T20:52:31","modified_gmt":"2018-11-26T22:52:31","slug":"dado-villa-lobos-e-marcelo-bonfa-fazem-show-em-homenagem-a-legiao-urbana","status":"publish","type":"post","link":"https:\/\/diarioregionaldigital.com.br\/?p=126625","title":{"rendered":"Dado Villa-Lobos e Marcelo Bonf\u00e1 fazem show em homenagem a Legi\u00e3o Urbana"},"content":{"rendered":"<p style=\"font-weight: 400;\">Integrantes da forma\u00e7\u00e3o original da Legi\u00e3o Urbana, Dado Villa-Lobos e Marcelo Bonf\u00e1, voltar\u00e3o aos palcos para comemorar os 30 anos de lan\u00e7amento dos discos \u201cDois\u201d e \u201cQue Pa\u00eds \u00e9 Este\u201d. Em Juiz de Fora o show est\u00e1 marcado para 01 de dezembro, no Centro de Eventos Capit\u00f3lio e as vendas j\u00e1 est\u00e3o abertas.<\/p>\n<p style=\"font-weight: 400;\">\n<p style=\"font-weight: 400;\">Dentre as can\u00e7\u00f5es que fazem parte desses dois \u00e1lbuns est\u00e3o grandes sucessos como \u201cTempo Perdido\u201d, \u201cQue Pa\u00eds \u00e9 Este\u201d, \u201cEduardo e M\u00f4nica\u201d e \u201cFaroeste Caboclo\u201d. Al\u00e9m de Dado na guitarra e Bonf\u00e1 na bateria, o projeto conta com os vocais de Andr\u00e9 Frateschi, a guitarra e viol\u00e3o de Lucas Vasconcellos, os teclados e programa\u00e7\u00f5es de Roberto Pollo e o baixo de Mauro Berman &#8211; que tamb\u00e9m assina a dire\u00e7\u00e3o musical do show.<\/p>\n<p style=\"font-weight: 400;\">\n<p style=\"font-weight: 400;\">A iniciativa fecha o ciclo de comemora\u00e7\u00f5es de lan\u00e7amento da trilogia formada pelos tr\u00eas primeiros \u00e1lbuns da banda, que come\u00e7ou com a turn\u00ea \u201cLegi\u00e3o Urbana XXX anos\u201d, do hom\u00f4nimo \u201cLegi\u00e3o Urbana\u201d, em 2015. Ao longo de um ano e meio, foram 100 apresenta\u00e7\u00f5es para mais de 500 mil legion\u00e1rios de diferentes gera\u00e7\u00f5es e regi\u00f5es do pa\u00eds.<\/p>\n<p style=\"font-weight: 400;\">\n<p style=\"font-weight: 400;\"><strong>INFORMA\u00c7\u00d5ES GERAIS DE VENDA<\/strong><\/p>\n<p style=\"font-weight: 400;\"><strong>\u00a0<\/strong><\/p>\n<p style=\"font-weight: 400;\"><strong>PISTA &#8211; 2\u00ba lote<\/strong><\/p>\n<p style=\"font-weight: 400;\">&#8211;\u00a0\u00a0\u00a0\u00a0\u00a0\u00a0\u00a0\u00a0\u00a0\u00a0R$ 45,00 Meia entrada;<\/p>\n<p style=\"font-weight: 400;\">&#8211;\u00a0\u00a0\u00a0\u00a0\u00a0\u00a0\u00a0\u00a0\u00a0\u00a0R$ 65,00 Inteira promocional;<\/p>\n<p style=\"font-weight: 400;\"><em>(com 01 kg de alimento n\u00e3o perec\u00edvel &#8211; entregar no dia do show);<\/em><\/p>\n<p style=\"font-weight: 400;\">&#8211;\u00a0\u00a0\u00a0\u00a0\u00a0\u00a0\u00a0\u00a0\u00a0\u00a0R$ 90,00 Inteira;<\/p>\n<p style=\"font-weight: 400;\">\n<p style=\"font-weight: 400;\"><strong>FRONT STAGE &#8211; 2\u00ba lote<\/strong><\/p>\n<p style=\"font-weight: 400;\">\n<p style=\"font-weight: 400;\">&#8211;\u00a0\u00a0\u00a0\u00a0\u00a0\u00a0\u00a0\u00a0\u00a0\u00a0R$ 75,00 Meia entrada;<\/p>\n<p style=\"font-weight: 400;\">&#8211;\u00a0\u00a0\u00a0\u00a0\u00a0\u00a0\u00a0\u00a0\u00a0\u00a0R$ 105,00 Inteira promocional;<\/p>\n<p style=\"font-weight: 400;\"><em>(com 01 kg de alimento n\u00e3o perec\u00edvel &#8211; entregar no dia do show)<\/em><\/p>\n<p style=\"font-weight: 400;\">&#8211;\u00a0\u00a0\u00a0\u00a0\u00a0\u00a0\u00a0\u00a0\u00a0\u00a0R$ 150,00 Inteira;<\/p>\n<p style=\"font-weight: 400;\">\n<p style=\"font-weight: 400;\"><strong>OPEN &#8211; 3\u00ba lote<\/strong><\/p>\n<p style=\"font-weight: 400;\">&#8211;\u00a0 \u00a0 \u00a0 \u00a0 \u00a0R$ 190,00 (valor \u00fanico por pessoa) Liberado: Cerveja, \u00e1gua e refrigerante;<\/p>\n<p>&nbsp;<\/p>\n<p style=\"font-weight: 400; text-align: center;\"><strong>Venda online:<\/strong>\u00a0<a href=\"http:\/\/www.ingressodigital.com\/\" data-saferedirecturl=\"https:\/\/www.google.com\/url?q=http:\/\/www.ingressodigital.com&amp;source=gmail&amp;ust=1543353152691000&amp;usg=AFQjCNGWlu1suJiTfnYVjOL6NINOwKNfww\">www.ingressodigital.com<\/a><\/p>\n<p style=\"font-weight: 400;\"><em>Parcelamento em at\u00e9 12x, consultar juros com a operadora do cart\u00e3o. Acr\u00e9scimo de 10% taxa do servi\u00e7o do site.<\/em><\/p>\n<p style=\"font-weight: 400;\">\n<p style=\"font-weight: 400; text-align: center;\"><strong>PONTOS DE VENDAS<\/strong><\/p>\n<p style=\"font-weight: 400;\">\n<p style=\"font-weight: 400;\">&#8211;\u00a0Z\u00e9 Kodak: Shopping Jardim Norte, piso L1<\/p>\n<p style=\"font-weight: 400;\">&#8211; Zine Cultural: Rua Marechal Floriano Peixoto, 723 \u2013 Centro<\/p>\n<p style=\"font-weight: 400;\">&#8211;\u00a0Planet: Rua Morais e Castro 218, Passos<\/p>\n<p style=\"font-weight: 400;\">&#8211; Shape Suplementos: Independ\u00eancia Shopping, Piso L1<\/p>\n<p style=\"font-weight: 400;\">\n<hr \/>\n<p style=\"font-weight: 400;\"><strong>INFORMA\u00c7\u00d5ES GERAIS<\/strong><\/p>\n<p style=\"font-weight: 400;\">Data: S\u00e1bado, 01\/12\/2018<\/p>\n<p style=\"font-weight: 400;\">Abertura da casa para o p\u00fablico: 21h<\/p>\n<p style=\"font-weight: 400;\">Show Dado e Bonf\u00e1: 23h59min<\/p>\n<p style=\"font-weight: 400;\">Local: Centro de Eventos Capit\u00f3lio, Av. Deusdedith Salgado, 4.088 \u2013Teixeiras.<\/p>\n<p style=\"font-weight: 400;\">Classifica\u00e7\u00e3o et\u00e1ria: 18 anos (Menores de 18 anos dever\u00e3o estar acompanhados de pai ou m\u00e3e)<\/p>\n<p style=\"font-weight: 400;\">\n","protected":false},"excerpt":{"rendered":"<p>Integrantes da forma\u00e7\u00e3o original da Legi\u00e3o Urbana, Dado Villa-Lobos e Marcelo Bonf\u00e1, voltar\u00e3o aos palcos para comemorar os 30 anos de lan\u00e7amento dos discos \u201cDois\u201d e \u201cQue Pa\u00eds \u00e9 Este\u201d. Em Juiz de Fora o show est\u00e1 marcado para 01 de dezembro, no Centro de Eventos Capit\u00f3lio e as vendas j\u00e1 est\u00e3o abertas. Dentre as [&hellip;]<\/p>\n","protected":false},"author":96,"featured_media":126626,"comment_status":"closed","ping_status":"closed","sticky":false,"template":"","format":"standard","meta":{"footnotes":""},"categories":[256,436,439],"tags":[],"class_list":["post-126625","post","type-post","status-publish","format-standard","has-post-thumbnail","hentry","category-cultura","category-destaque-da-semana","category-ultima-hora"],"_links":{"self":[{"href":"https:\/\/diarioregionaldigital.com.br\/index.php?rest_route=\/wp\/v2\/posts\/126625","targetHints":{"allow":["GET"]}}],"collection":[{"href":"https:\/\/diarioregionaldigital.com.br\/index.php?rest_route=\/wp\/v2\/posts"}],"about":[{"href":"https:\/\/diarioregionaldigital.com.br\/index.php?rest_route=\/wp\/v2\/types\/post"}],"author":[{"embeddable":true,"href":"https:\/\/diarioregionaldigital.com.br\/index.php?rest_route=\/wp\/v2\/users\/96"}],"replies":[{"embeddable":true,"href":"https:\/\/diarioregionaldigital.com.br\/index.php?rest_route=%2Fwp%2Fv2%2Fcomments&post=126625"}],"version-history":[{"count":0,"href":"https:\/\/diarioregionaldigital.com.br\/index.php?rest_route=\/wp\/v2\/posts\/126625\/revisions"}],"wp:featuredmedia":[{"embeddable":true,"href":"https:\/\/diarioregionaldigital.com.br\/index.php?rest_route=\/wp\/v2\/media\/126626"}],"wp:attachment":[{"href":"https:\/\/diarioregionaldigital.com.br\/index.php?rest_route=%2Fwp%2Fv2%2Fmedia&parent=126625"}],"wp:term":[{"taxonomy":"category","embeddable":true,"href":"https:\/\/diarioregionaldigital.com.br\/index.php?rest_route=%2Fwp%2Fv2%2Fcategories&post=126625"},{"taxonomy":"post_tag","embeddable":true,"href":"https:\/\/diarioregionaldigital.com.br\/index.php?rest_route=%2Fwp%2Fv2%2Ftags&post=126625"}],"curies":[{"name":"wp","href":"https:\/\/api.w.org\/{rel}","templated":true}]}}