{"id":126623,"date":"2018-11-27T06:00:29","date_gmt":"2018-11-27T08:00:29","guid":{"rendered":"https:\/\/diarioregionaldigital.com.br\/?p=126623"},"modified":"2018-11-26T20:32:19","modified_gmt":"2018-11-26T22:32:19","slug":"edital-de-convocacao-sindedif-27-11-18","status":"publish","type":"post","link":"https:\/\/diarioregionaldigital.com.br\/?p=126623","title":{"rendered":"Edital de Convoca\u00e7\u00e3o &#8211; Sindedif &#8211; 27\/11\/18"},"content":{"rendered":"<p style=\"text-align: center;\"><strong>EDITAL DE CONVOCA\u00c7\u00c3O<\/strong><\/p>\n<p style=\"text-align: center;\"><strong> AGE \u2013 O SINDICATO DOS EMPREGADOS EM EDIF\u00cdCIOS E EMPREGADOS EM EMPRESAS DE COMPRA, VENDA, LOCA\u00c7\u00c3O E ADMINISTRA\u00c7\u00c3O DE IM\u00d3VEIS COMERCIAIS E RESIDENCIAIS DE JUIZ FORA \u2013 SINDEDIF- JF<\/strong>, inscrito no CNPJ sob o n\u00ba. 21.176.789\/0001-06, CONVOCA todos os empregados (associados e n\u00e3o associados ao Sindicato) do Condom\u00ednio do Independ\u00eancia Shopping e da Associa\u00e7\u00e3o dos Lojistas do Independ\u00eancia Shopping, que trabalham na Avenida Presidente Itamar Franco, n\u00ba. 3.600, Bairro Cascatinha, Juiz de Fora\/MG, para comparecerem \u00e0 Assembleia Geral Extraordin\u00e1ria (AGE) a realizar-se no dia 03 de dezembro de 2018, \u00e0s 13:15 horas, em primeira convoca\u00e7\u00e3o, ou, caso n\u00e3o haja qu\u00f3rum na primeira convoca\u00e7\u00e3o, \u00e0s 14:15 horas, em segunda convoca\u00e7\u00e3o, com qualquer n\u00famero de presentes, na sede da entidade, na Av. Get\u00falio Vargas, n\u00ba. 828 \u2013 Sala 603, Centro, Juiz de Fora (MG), para tratar da seguinte Ordem do Dia: 1) Leitura do Edital de Convoca\u00e7\u00e3o; 2) Aprecia\u00e7\u00e3o de proposta de pagamento de PLR (Participa\u00e7\u00e3o nos Lucros e Resultados) aos empregados dos empregadores supracitados; 3) Reda\u00e7\u00e3o, leitura, discuss\u00e3o e aprova\u00e7\u00e3o (ou n\u00e3o) da Ata da AGE ora convocada; e 4) Encerramento. &#8211; Juiz de Fora (MG), 26 de novembro de 2018. \u2013 LUIZ JOS\u00c9 DA SILVA \u2013 Presidente.<\/p>\n","protected":false},"excerpt":{"rendered":"<p>EDITAL DE CONVOCA\u00c7\u00c3O AGE \u2013 O SINDICATO DOS EMPREGADOS EM EDIF\u00cdCIOS E EMPREGADOS EM EMPRESAS DE COMPRA, VENDA, LOCA\u00c7\u00c3O E ADMINISTRA\u00c7\u00c3O DE IM\u00d3VEIS COMERCIAIS E RESIDENCIAIS DE JUIZ FORA \u2013 SINDEDIF- JF, inscrito no CNPJ sob o n\u00ba. 21.176.789\/0001-06, CONVOCA todos os empregados (associados e n\u00e3o associados ao Sindicato) do Condom\u00ednio do Independ\u00eancia Shopping e [&hellip;]<\/p>\n","protected":false},"author":96,"featured_media":0,"comment_status":"closed","ping_status":"closed","sticky":false,"template":"","format":"standard","meta":{"footnotes":""},"categories":[307],"tags":[],"class_list":["post-126623","post","type-post","status-publish","format-standard","hentry","category-editais"],"_links":{"self":[{"href":"https:\/\/diarioregionaldigital.com.br\/index.php?rest_route=\/wp\/v2\/posts\/126623","targetHints":{"allow":["GET"]}}],"collection":[{"href":"https:\/\/diarioregionaldigital.com.br\/index.php?rest_route=\/wp\/v2\/posts"}],"about":[{"href":"https:\/\/diarioregionaldigital.com.br\/index.php?rest_route=\/wp\/v2\/types\/post"}],"author":[{"embeddable":true,"href":"https:\/\/diarioregionaldigital.com.br\/index.php?rest_route=\/wp\/v2\/users\/96"}],"replies":[{"embeddable":true,"href":"https:\/\/diarioregionaldigital.com.br\/index.php?rest_route=%2Fwp%2Fv2%2Fcomments&post=126623"}],"version-history":[{"count":0,"href":"https:\/\/diarioregionaldigital.com.br\/index.php?rest_route=\/wp\/v2\/posts\/126623\/revisions"}],"wp:attachment":[{"href":"https:\/\/diarioregionaldigital.com.br\/index.php?rest_route=%2Fwp%2Fv2%2Fmedia&parent=126623"}],"wp:term":[{"taxonomy":"category","embeddable":true,"href":"https:\/\/diarioregionaldigital.com.br\/index.php?rest_route=%2Fwp%2Fv2%2Fcategories&post=126623"},{"taxonomy":"post_tag","embeddable":true,"href":"https:\/\/diarioregionaldigital.com.br\/index.php?rest_route=%2Fwp%2Fv2%2Ftags&post=126623"}],"curies":[{"name":"wp","href":"https:\/\/api.w.org\/{rel}","templated":true}]}}