{"id":126600,"date":"2018-11-26T18:49:54","date_gmt":"2018-11-26T20:49:54","guid":{"rendered":"https:\/\/diarioregionaldigital.com.br\/?p=126600"},"modified":"2018-11-26T18:49:54","modified_gmt":"2018-11-26T20:49:54","slug":"apitaco-policia-civil-distribui-apitos-em-pontos-de-onibus-em-ato-contra-assedio-em-transportes-coletivos","status":"publish","type":"post","link":"https:\/\/diarioregionaldigital.com.br\/?p=126600","title":{"rendered":"\u201cAPITA\u00c7O\u201d: Pol\u00edcia Civil distribui apitos em pontos de \u00f4nibus em ato contra ass\u00e9dio em transportes coletivos"},"content":{"rendered":"<p>Durante a tarde dessa segunda-feira, 26, a Delegacia Especializada de Atendimento \u00e0 Mulher da Pol\u00edcia Civil de Juiz de Fora, em parceria com o Conselho Municipal de Mulheres, esteve nos pontos de \u00f4nibus da Avenida Get\u00falio Vargas, regi\u00e3o Central, realizando um ato em homenagem ao in\u00edcio do ativismo contra a viol\u00eancia de g\u00eanero, que come\u00e7ou no \u00faltimo dia 25. Na ocasi\u00e3o, foram distribu\u00eddos dois mil apitos para usu\u00e1rias de transporte coletivo em manifesto contra o ass\u00e9dio nos \u00f4nibus.<\/p>\n<p>Conforme explica a delegada Ione Barbosa, o sil\u00eancio das mulheres v\u00edtimas de ass\u00e9dio dentro dos transportes coletivos tem de ser quebrado.\u201cMuitas vezes as mulheres n\u00e3o denunciam por se sentirem constrangidas e essa campanha \u00e9 para encorajar essas mulheres. Em casos desse tipo as mulheres devem apitar e chamar o motorista\u201d, explica.Ione ressalta a exist\u00eancia da Lei de Importuna\u00e7\u00e3o Sexual (Lei <a href=\"http:\/\/www2.camara.leg.br\/legin\/fed\/lei\/2018\/lei-13718-24-setembro-2018-787192-publicacaooriginal-156472-pl.html\">13.718\/18<\/a>), sancionada no final de setembro deste ano, que passou a punir com pris\u00e3o situa\u00e7\u00f5es de ass\u00e9dio. \u201cAntes era uma contraven\u00e7\u00e3o penal pass\u00edvel de multa e hoje \u00e9 crime pass\u00edvel de puni\u00e7\u00e3o de um a cinco anos e n\u00e3o \u00e9 poss\u00edvel afian\u00e7ar esse tipo de crime\u201d, disse.<\/p>\n<div id=\"attachment_126602\" style=\"width: 536px\" class=\"wp-caption aligncenter\"><img loading=\"lazy\" decoding=\"async\" aria-describedby=\"caption-attachment-126602\" class=\" wp-image-126602\" src=\"https:\/\/diarioregionaldigital.com.br\/wp-content\/uploads\/2018\/11\/RAFAELA-FRUTUOSO-USAR-ESSA-2-6-300x200.jpg\" alt=\"\" width=\"526\" height=\"350\" srcset=\"https:\/\/diarioregionaldigital.com.br\/wp-content\/uploads\/2018\/11\/RAFAELA-FRUTUOSO-USAR-ESSA-2-6-300x200.jpg 300w, https:\/\/diarioregionaldigital.com.br\/wp-content\/uploads\/2018\/11\/RAFAELA-FRUTUOSO-USAR-ESSA-2-6-768x512.jpg 768w, https:\/\/diarioregionaldigital.com.br\/wp-content\/uploads\/2018\/11\/RAFAELA-FRUTUOSO-USAR-ESSA-2-6-1024x683.jpg 1024w, https:\/\/diarioregionaldigital.com.br\/wp-content\/uploads\/2018\/11\/RAFAELA-FRUTUOSO-USAR-ESSA-2-6-360x240.jpg 360w\" sizes=\"auto, (max-width: 526px) 100vw, 526px\" \/><p id=\"caption-attachment-126602\" class=\"wp-caption-text\">Em Juiz de Fora, de acordo com a Delegada, aproximadamente um caso de ass\u00e9dio em transporte coletivo \u00e9 registrado. Foto: Rafaela Frutuoso<\/p><\/div>\n<p>De acordo com dados do Datafolha divulgados no in\u00edcio do ano, 42% de mulheres brasileiras com 16 anos ou mais declara j\u00e1 ter sido v\u00edtima de ass\u00e9dio sexual. Este mesmo estudo aponta que, nas ruas, uma em cada tr\u00eas mulheres adultas (29%) declara j\u00e1 ter sofrido ass\u00e9dio sexual, sendo que 25% que sofreram ass\u00e9dio verbal, e 3% o ass\u00e9dio f\u00edsico, al\u00e9m daquelas que sofreram ambos. O ass\u00e9dio em transporte p\u00fablico foi relatado por 22% das mulheres, sendo 11% ass\u00e9dio f\u00edsico e 8% ass\u00e9dio verbal. Em Juiz de Fora, de acordo com a Delegada, aproximadamente um caso de ass\u00e9dio em transporte coletivo \u00e9 registrado.<\/p>\n<p>Al\u00e9m da entrega dos instrumentos, motoristas, cobradores e usu\u00e1rios foram orientados sobre o que fazer caso v\u00edtimas de abusos usem o apito dentro dos coletivos. \u201cEm casos desse tipo, se a mulher estiver com o apito,a primeira coisa a se fazer \u00e9 apitar porque ela vai chamar aten\u00e7\u00e3o e nesse momento as pessoas j\u00e1 v\u00e3o olhar para ela, entender o que est\u00e1 acontecendo e ela j\u00e1 vai ter testemunhas. Em seguida, alertar o motorista sobre a situa\u00e7\u00e3o para que ele pare o \u00f4nibus, chamar a Pol\u00edcia Militar ou os policiais civis da Delegacia da Mulher e naquele momento efetuar a pris\u00e3o, encaminhando o sujeito para a delegacia onde realizaremos o flagrante delito daquele que realizou a importuna\u00e7\u00e3o\u201d, explicou.<\/p>\n<p>Inicialmente a campanha do \u201cApita\u00e7o\u201d foi realizada apenas nos pontos de \u00f4nibus da Avenida Get\u00falio Vargas, um dos locais mais movimentados da cidade. Segundo a delegada, a expectativa \u00e9 realizar o ato em outros pontos de Juiz de Fora. \u201cNessa primeira a\u00e7\u00e3o n\u00f3s pretend\u00edamos ampliar a campanha para outros pontos, mas por falta de apitos e outros recursos n\u00f3s n\u00e3o conseguimos. Essa foi apenas a primeira etapa de uma conscientiza\u00e7\u00e3o e foi um sucesso. Enquanto eu conversava com as mulheres muitas me relataram que j\u00e1 sofreram ass\u00e9dio em coletivos e n\u00e3o tiveram coragem de denunciar\u201d, disse. Os recursos utilizados para a realiza\u00e7\u00e3o da campanha partiram da pr\u00f3pria delegada em parceria com o Conselho de Mulheres. Outros desdobramentos da campanha est\u00e3o sendo estudados pela organiza\u00e7\u00e3o para que sejam realizados futuramente.<\/p>\n<p>&nbsp;<\/p>\n","protected":false},"excerpt":{"rendered":"<p>Durante a tarde dessa segunda-feira, 26, a Delegacia Especializada de Atendimento \u00e0 Mulher da Pol\u00edcia Civil de Juiz de Fora, em parceria com o Conselho Municipal de Mulheres, esteve nos pontos de \u00f4nibus da Avenida Get\u00falio Vargas, regi\u00e3o Central, realizando um ato em homenagem ao in\u00edcio do ativismo contra a viol\u00eancia de g\u00eanero, que come\u00e7ou [&hellip;]<\/p>\n","protected":false},"author":96,"featured_media":126601,"comment_status":"closed","ping_status":"closed","sticky":false,"template":"","format":"standard","meta":{"footnotes":""},"categories":[253,436,440,439],"tags":[],"class_list":["post-126600","post","type-post","status-publish","format-standard","has-post-thumbnail","hentry","category-cidade","category-destaque-da-semana","category-destaques-do-dia","category-ultima-hora"],"_links":{"self":[{"href":"https:\/\/diarioregionaldigital.com.br\/index.php?rest_route=\/wp\/v2\/posts\/126600","targetHints":{"allow":["GET"]}}],"collection":[{"href":"https:\/\/diarioregionaldigital.com.br\/index.php?rest_route=\/wp\/v2\/posts"}],"about":[{"href":"https:\/\/diarioregionaldigital.com.br\/index.php?rest_route=\/wp\/v2\/types\/post"}],"author":[{"embeddable":true,"href":"https:\/\/diarioregionaldigital.com.br\/index.php?rest_route=\/wp\/v2\/users\/96"}],"replies":[{"embeddable":true,"href":"https:\/\/diarioregionaldigital.com.br\/index.php?rest_route=%2Fwp%2Fv2%2Fcomments&post=126600"}],"version-history":[{"count":0,"href":"https:\/\/diarioregionaldigital.com.br\/index.php?rest_route=\/wp\/v2\/posts\/126600\/revisions"}],"wp:featuredmedia":[{"embeddable":true,"href":"https:\/\/diarioregionaldigital.com.br\/index.php?rest_route=\/wp\/v2\/media\/126601"}],"wp:attachment":[{"href":"https:\/\/diarioregionaldigital.com.br\/index.php?rest_route=%2Fwp%2Fv2%2Fmedia&parent=126600"}],"wp:term":[{"taxonomy":"category","embeddable":true,"href":"https:\/\/diarioregionaldigital.com.br\/index.php?rest_route=%2Fwp%2Fv2%2Fcategories&post=126600"},{"taxonomy":"post_tag","embeddable":true,"href":"https:\/\/diarioregionaldigital.com.br\/index.php?rest_route=%2Fwp%2Fv2%2Ftags&post=126600"}],"curies":[{"name":"wp","href":"https:\/\/api.w.org\/{rel}","templated":true}]}}